{"id":175,"date":"2015-03-20T17:31:31","date_gmt":"2015-03-20T15:31:31","guid":{"rendered":"http:\/\/www.eutingen-lebt.de\/?p=175"},"modified":"2015-10-27T23:44:28","modified_gmt":"2015-10-27T21:44:28","slug":"ein-schaf-furs-leben-ein-tierisches-vergnugen-2","status":"publish","type":"post","link":"https:\/\/www.eutingen-lebt.de\/?p=175","title":{"rendered":"Ein Schaf f\u00fcr\u2019s Leben\u201c \u2013 ein tierisches Vergn\u00fcgen !"},"content":{"rendered":"<p><a href=\"https:\/\/www.eutingen-lebt.de\/wp-content\/uploads\/Bild.jpg\"><img loading=\"lazy\" decoding=\"async\" class=\"aligncenter size-medium wp-image-178\" alt=\"Schaaf f\u00fcrs leben_2\" src=\"https:\/\/www.eutingen-lebt.de\/wp-content\/uploads\/Bild-300x200.jpg\" width=\"300\" height=\"200\" srcset=\"https:\/\/www.eutingen-lebt.de\/wp-content\/uploads\/Bild-300x200.jpg 300w, https:\/\/www.eutingen-lebt.de\/wp-content\/uploads\/Bild-1024x683.jpg 1024w\" sizes=\"auto, (max-width: 300px) 100vw, 300px\" \/><\/a>Am 2. M\u00e4rz war\u00a0 &#8211; auf Einladung des Vereins \u201eEutingen lebt \u2013EULE e.V\u201c \u2013 das Stadttheater Pforzheim mit dem Kinderst\u00fcck \u201eEin Schaf f\u00fcr\u2018s Leben\u201c im Evangelischen Gemeindehaus zu Gast.<\/p>\n<p>In zwei Vorstellungen begeisterten Meike Anna Stock als \u2013zun\u00e4chst argloses- Schaf und Markus L\u00f6chner als hungriger Wolf \u00fcber 100 Kinder aus der Karl-Friedrich-Schule und den Eutinger Kinderg\u00e4rten.<\/p>\n<p>Diese verfolgten unter lautstarker Anteilnahme wie das Schaf nicht \u2013wie urspr\u00fcnglich geplant \u2013 ein leckeres Mittagessen f\u00fcr den Wolf wurde, sondern mit diesen letztendlich sogar Freundschaft schlie\u00dfen konnte.<\/p>\n<p><span style=\"color: #888888;\">Nach den Vorstellungen nahmen sich die Darsteller auch noch Zeit, um Fragen der jungen Zuschauer zu beantworten. Letztendlich war die Veranstaltung f\u00fcr alle Beteiligten vor, auf und neben der B\u00fchne ein \u201etierisches Vergn\u00fcgen\u201c.\u00a0<\/span><\/p>\n","protected":false},"excerpt":{"rendered":"<p>Am 2. M\u00e4rz war\u00a0 &#8211; auf Einladung des Vereins \u201eEutingen lebt \u2013EULE e.V\u201c \u2013 das Stadttheater Pforzheim mit dem Kinderst\u00fcck \u201eEin Schaf f\u00fcr\u2018s Leben\u201c im Evangelischen Gemeindehaus zu Gast. In zwei Vorstellungen begeisterten Meike Anna Stock als \u2013zun\u00e4chst argloses- Schaf&hellip; <\/p>\n","protected":false},"author":2,"featured_media":179,"comment_status":"closed","ping_status":"open","sticky":false,"template":"","format":"standard","meta":{"footnotes":""},"categories":[6],"tags":[],"class_list":["post-175","post","type-post","status-publish","format-standard","has-post-thumbnail","hentry","category-vergangenes"],"_links":{"self":[{"href":"https:\/\/www.eutingen-lebt.de\/index.php?rest_route=\/wp\/v2\/posts\/175","targetHints":{"allow":["GET"]}}],"collection":[{"href":"https:\/\/www.eutingen-lebt.de\/index.php?rest_route=\/wp\/v2\/posts"}],"about":[{"href":"https:\/\/www.eutingen-lebt.de\/index.php?rest_route=\/wp\/v2\/types\/post"}],"author":[{"embeddable":true,"href":"https:\/\/www.eutingen-lebt.de\/index.php?rest_route=\/wp\/v2\/users\/2"}],"replies":[{"embeddable":true,"href":"https:\/\/www.eutingen-lebt.de\/index.php?rest_route=%2Fwp%2Fv2%2Fcomments&post=175"}],"version-history":[{"count":5,"href":"https:\/\/www.eutingen-lebt.de\/index.php?rest_route=\/wp\/v2\/posts\/175\/revisions"}],"predecessor-version":[{"id":297,"href":"https:\/\/www.eutingen-lebt.de\/index.php?rest_route=\/wp\/v2\/posts\/175\/revisions\/297"}],"wp:featuredmedia":[{"embeddable":true,"href":"https:\/\/www.eutingen-lebt.de\/index.php?rest_route=\/wp\/v2\/media\/179"}],"wp:attachment":[{"href":"https:\/\/www.eutingen-lebt.de\/index.php?rest_route=%2Fwp%2Fv2%2Fmedia&parent=175"}],"wp:term":[{"taxonomy":"category","embeddable":true,"href":"https:\/\/www.eutingen-lebt.de\/index.php?rest_route=%2Fwp%2Fv2%2Fcategories&post=175"},{"taxonomy":"post_tag","embeddable":true,"href":"https:\/\/www.eutingen-lebt.de\/index.php?rest_route=%2Fwp%2Fv2%2Ftags&post=175"}],"curies":[{"name":"wp","href":"https:\/\/api.w.org\/{rel}","templated":true}]}}