{"id":231,"date":"2015-07-26T14:50:34","date_gmt":"2015-07-26T12:50:34","guid":{"rendered":"http:\/\/www.eutingen-lebt.de\/?p=231"},"modified":"2016-04-25T20:45:36","modified_gmt":"2016-04-25T18:45:36","slug":"klaus-stortebeker-bei-tante-kathe-2","status":"publish","type":"post","link":"https:\/\/www.eutingen-lebt.de\/?p=231","title":{"rendered":"Klaus St\u00f6rtebeker bei &#8222;Tante K\u00e4the&#8220;"},"content":{"rendered":"<p>&nbsp;<\/p>\n<p>\u201eKlaus St\u00f6rtebeker\u201c in Eutingen<\/p>\n<p>Nach den bisherigen \u201eGro\u00dfveranstaltungen\u201c wie der Musicalnacht im Alten E-Werk hatte sich der Verein \u201eEutingen lebt -Eule- e.V\u201c entschlossen, seine n\u00e4chsten kulturellen Veranstaltung in ein einem kleineren, pers\u00f6nlichen Ambiente durchzuf\u00fchren.<\/p>\n<p>Ein gelungener Auftakt hierf\u00fcr war die Lesung \u00fcber Klaus St\u00f6rtebeker im Caf\u00e9 \u201eTante K\u00e4the\u201c. Der Schauspieler Mathias Reiter trug dort in mitrei\u00dfender Weise die Geschichte des wohl bekanntesten deutschen Seer\u00e4ubers vor.<\/p>\n<p>Begleitet wurde er dabei von Klaus Dusek, der mit seinem Kontrabass stets f\u00fcr die richtige musikalische Untermalung sorgte.<\/p>\n<p>Die Veranstaltung fand bei den \u2013trotz hochsommerlicher Temperaturen erschienenen- Zuschauern\u00a0 sehr guten Anklang, weshalb man sich seitens der \u201eEule\u201c bereits Gedanken \u00fcber weitere \u201ekulturelle Leckerbissen\u201c in gem\u00fctlichem Rahmen macht.<\/p>\n<p>Daneben soll aber auch die sehr beliebte Musical-Reihe nicht vernachl\u00e4ssigt werden. Die n\u00e4chste Eutinger Musicalnacht wird voraussichtlich Ende Januar 2016 stattfinden.<\/p>\n<p><a href=\"https:\/\/www.eutingen-lebt.de\/wp-content\/uploads\/DSCF4300.jpg\"><img loading=\"lazy\" decoding=\"async\" class=\"alignnone size-medium wp-image-222\" alt=\"DSCF4300\" src=\"https:\/\/www.eutingen-lebt.de\/wp-content\/uploads\/DSCF4300-300x225.jpg\" width=\"300\" height=\"225\" srcset=\"https:\/\/www.eutingen-lebt.de\/wp-content\/uploads\/DSCF4300-300x225.jpg 300w, https:\/\/www.eutingen-lebt.de\/wp-content\/uploads\/DSCF4300-1024x768.jpg 1024w, https:\/\/www.eutingen-lebt.de\/wp-content\/uploads\/DSCF4300.jpg 2048w\" sizes=\"auto, (max-width: 300px) 100vw, 300px\" \/><\/a><\/p>\n<p>&nbsp;<\/p>\n","protected":false},"excerpt":{"rendered":"<p>&nbsp; \u201eKlaus St\u00f6rtebeker\u201c in Eutingen Nach den bisherigen \u201eGro\u00dfveranstaltungen\u201c wie der Musicalnacht im Alten E-Werk hatte sich der Verein \u201eEutingen lebt -Eule- e.V\u201c entschlossen, seine n\u00e4chsten kulturellen Veranstaltung in ein einem kleineren, pers\u00f6nlichen Ambiente durchzuf\u00fchren. Ein gelungener Auftakt hierf\u00fcr war&hellip; <\/p>\n","protected":false},"author":3,"featured_media":0,"comment_status":"closed","ping_status":"open","sticky":false,"template":"","format":"standard","meta":{"footnotes":""},"categories":[6],"tags":[],"class_list":["post-231","post","type-post","status-publish","format-standard","hentry","category-vergangenes"],"_links":{"self":[{"href":"https:\/\/www.eutingen-lebt.de\/index.php?rest_route=\/wp\/v2\/posts\/231","targetHints":{"allow":["GET"]}}],"collection":[{"href":"https:\/\/www.eutingen-lebt.de\/index.php?rest_route=\/wp\/v2\/posts"}],"about":[{"href":"https:\/\/www.eutingen-lebt.de\/index.php?rest_route=\/wp\/v2\/types\/post"}],"author":[{"embeddable":true,"href":"https:\/\/www.eutingen-lebt.de\/index.php?rest_route=\/wp\/v2\/users\/3"}],"replies":[{"embeddable":true,"href":"https:\/\/www.eutingen-lebt.de\/index.php?rest_route=%2Fwp%2Fv2%2Fcomments&post=231"}],"version-history":[{"count":4,"href":"https:\/\/www.eutingen-lebt.de\/index.php?rest_route=\/wp\/v2\/posts\/231\/revisions"}],"predecessor-version":[{"id":366,"href":"https:\/\/www.eutingen-lebt.de\/index.php?rest_route=\/wp\/v2\/posts\/231\/revisions\/366"}],"wp:attachment":[{"href":"https:\/\/www.eutingen-lebt.de\/index.php?rest_route=%2Fwp%2Fv2%2Fmedia&parent=231"}],"wp:term":[{"taxonomy":"category","embeddable":true,"href":"https:\/\/www.eutingen-lebt.de\/index.php?rest_route=%2Fwp%2Fv2%2Fcategories&post=231"},{"taxonomy":"post_tag","embeddable":true,"href":"https:\/\/www.eutingen-lebt.de\/index.php?rest_route=%2Fwp%2Fv2%2Ftags&post=231"}],"curies":[{"name":"wp","href":"https:\/\/api.w.org\/{rel}","templated":true}]}}