{"id":249,"date":"2015-09-24T06:04:33","date_gmt":"2015-09-24T04:04:33","guid":{"rendered":"http:\/\/www.eutingen-lebt.de\/?p=249"},"modified":"2016-04-25T20:46:56","modified_gmt":"2016-04-25T18:46:56","slug":"die-wunderbaren-jahre-eine-lesung-zum-tag-der-deutschen-einheit","status":"publish","type":"post","link":"https:\/\/www.eutingen-lebt.de\/?p=249","title":{"rendered":"&#8222;Die wunderbaren Jahre&#8220; &#8211; Eine Lesung zum Tag der Deutschen Einheit"},"content":{"rendered":"<p>Am Freitag, den 2. Oktober, 19:00 Uhr, veranstaltet der Verein \u201eEutingen lebt \u2013 Eule- e.V.\u201c im Caf\u00e9 \u201eTante K\u00e4the\u201c, Brauereistr. 14, eine Lesung zum Tag der Deutschen Einheit.<\/p>\n<p>Im Mittelpunkt stehen dabei Texte aus dem Buch \u201eDie wunderbaren Jahre\u201c von Reiner Kunze. Aus Hunderten von Gespr\u00e4chen, die der Dichter mit Sch\u00fclern, Lehrlingen, Arbeitern und Soldaten der Nationalen Volksarmee f\u00fchrte, und aus Erfahrungen mit seiner eigenen Tochter entstanden diese Prosatexte, in denen er mit knappen, teilweise beklemmenden Worten den Alltag in der DDR schildert. Der Titel ist dabei bittere Ironie, denn nach allem, was Reiner Kunze erfahren hat, waren die Jahre der Entwicklung f\u00fcr kritische junge Menschen, die sich im sozialistischen Deutschland selbst verwirklichen wollen, gar nicht so wunderbar. Kurz nach Ver\u00f6ffentlichung des Werkes in der Bundesrepublik (1976) wurde Reiner Kunze aus dem Schriftstellerverband der DDR ausgeschlossen. Bei uns l\u00f6sten &#8222;Die wunderbaren Jahre&#8220; eine Betroffenheit aus, die diesen Prosaband, in dem &#8222;keine einzige Zeile zuf\u00e4llig und auch keine Zeile \u00fcberfl\u00fcssig ist&#8220; (so Heinrich B\u00f6ll), zu einem Bestseller machte.<\/p>\n<p>Abgerundet wird die Lesung mit Texten weiterer Zeitzeugen. Hinzukommt, dass der Schauspieler Jens Peter, der die Texte vortragen wird, selbst in der ehemaligen DDR aufgewachsen ist und daher im Anschluss an die Lesung auch eigene Eindr\u00fccke schildern kann. Der Abend verspricht daher interessante Einblicke in die j\u00fcngere deutsche Geschichte \u2013 vor allem auch f\u00fcr diejenigen, die bereits im vereinten Deutschland aufwachsen durften.<\/p>\n<p>Der Eintritt kostet 7,- Euro (incl. 3,50 \u20ac Verzehrgutschein). Kartenreservierungen sind direkt im Caf\u00e9 oder unter <a href=\"mailto:tickets@eutingen-lebt.de\">tickets@eutingen-lebt.de<\/a> m\u00f6glich.<a href=\"https:\/\/www.eutingen-lebt.de\/wp-content\/uploads\/Plakat-Wunderbare-Jahre.pdf\">Plakat Wunderbare Jahre<\/a><\/p>\n","protected":false},"excerpt":{"rendered":"<p>Am Freitag, den 2. Oktober, 19:00 Uhr, veranstaltet der Verein \u201eEutingen lebt \u2013 Eule- e.V.\u201c im Caf\u00e9 \u201eTante K\u00e4the\u201c, Brauereistr. 14, eine Lesung zum Tag der Deutschen Einheit. Im Mittelpunkt stehen dabei Texte aus dem Buch \u201eDie wunderbaren Jahre\u201c von&hellip; <\/p>\n","protected":false},"author":3,"featured_media":0,"comment_status":"closed","ping_status":"open","sticky":false,"template":"","format":"standard","meta":{"footnotes":""},"categories":[6],"tags":[],"class_list":["post-249","post","type-post","status-publish","format-standard","hentry","category-vergangenes"],"_links":{"self":[{"href":"https:\/\/www.eutingen-lebt.de\/index.php?rest_route=\/wp\/v2\/posts\/249","targetHints":{"allow":["GET"]}}],"collection":[{"href":"https:\/\/www.eutingen-lebt.de\/index.php?rest_route=\/wp\/v2\/posts"}],"about":[{"href":"https:\/\/www.eutingen-lebt.de\/index.php?rest_route=\/wp\/v2\/types\/post"}],"author":[{"embeddable":true,"href":"https:\/\/www.eutingen-lebt.de\/index.php?rest_route=\/wp\/v2\/users\/3"}],"replies":[{"embeddable":true,"href":"https:\/\/www.eutingen-lebt.de\/index.php?rest_route=%2Fwp%2Fv2%2Fcomments&post=249"}],"version-history":[{"count":6,"href":"https:\/\/www.eutingen-lebt.de\/index.php?rest_route=\/wp\/v2\/posts\/249\/revisions"}],"predecessor-version":[{"id":369,"href":"https:\/\/www.eutingen-lebt.de\/index.php?rest_route=\/wp\/v2\/posts\/249\/revisions\/369"}],"wp:attachment":[{"href":"https:\/\/www.eutingen-lebt.de\/index.php?rest_route=%2Fwp%2Fv2%2Fmedia&parent=249"}],"wp:term":[{"taxonomy":"category","embeddable":true,"href":"https:\/\/www.eutingen-lebt.de\/index.php?rest_route=%2Fwp%2Fv2%2Fcategories&post=249"},{"taxonomy":"post_tag","embeddable":true,"href":"https:\/\/www.eutingen-lebt.de\/index.php?rest_route=%2Fwp%2Fv2%2Ftags&post=249"}],"curies":[{"name":"wp","href":"https:\/\/api.w.org\/{rel}","templated":true}]}}