{"id":264,"date":"2015-10-15T22:27:48","date_gmt":"2015-10-15T20:27:48","guid":{"rendered":"http:\/\/www.eutingen-lebt.de\/?p=264"},"modified":"2016-04-25T20:43:09","modified_gmt":"2016-04-25T18:43:09","slug":"eine-wunderbare-lesung-zum-tag-der-deutschen-einheit","status":"publish","type":"post","link":"https:\/\/www.eutingen-lebt.de\/?p=264","title":{"rendered":"Eine &#8222;wunderbare Lesung&#8220; zum Tag der Deutschen Einheit"},"content":{"rendered":"<p>Eine beeindruckende und stellenweise sehr pers\u00f6nliche Lesung veranstaltete der Verein \u201eEutingen lebt -Eule- e.V.\u201c in Kooperation mit dem Caf\u00e8 \u201eTanthe K\u00e4the\u201c.<br \/>\nAm Vorabend der \u201edeutsch-deutschen Silberhochzeit\u201c trug Schauspieler Jens Peter Texte aus dem Buch \u201eDie wunderbaren Jahre\u201c von Reiner Kunze vor. Darin wurde \u2013 in teilweise beklemmender Weise \u2013 der Alltag in der ehemaligen DDR lebendig. In kurzen Episoden wurde u.a. beschrieben, mit welchen Schwierigkeiten junge Menschen zu k\u00e4mpfen hatten, die sich im sozialistischen Teil Deutschlands selbst verwirklichen \u2013 oder einfach nur die Bibel lesen wollten.<br \/>\nIm zweiten Teil der Lesung wurde die Sicht weiterer Zeitzeugen, K\u00fcnstler und Normalb\u00fcrger, zum Leben im \u201eArbeiter- und Bauernstaat\u201c dargestellt. F\u00fcr Heiterkeit sorgte dabei insbesondere der Brief eines DDR-B\u00fcrgers an den Staatsratsvorsitzenden, Erich Honecker, in welchem sich dieser B\u00fcrger \u00fcber die schlechte Qualit\u00e4t der wenigen, in den L\u00e4den erh\u00e4ltlichen S\u00fcdfr\u00fcchte beschwerte \u2013 und ein entsprechendes \u201eAnschauungsobjekt* gleich beif\u00fcgte !<br \/>\nIm Anschluss an die Lesung berichteten Jens Peter und seine Frau Heidrun Schweda \u00fcber ihre pers\u00f6nlichen Erfahrungen als Schauspieler in der DDR. Heidrun Schweda beschrieb dabei eindr\u00fccklich, auf welchen schwierigen Umwegen sie, als Pfarrerstochter, letztendlich doch noch ein Schauspielstudium beginnen konnte.<br \/>\nEin reger Gedankenaustausch mit dem aus \u201eOssis\u201c und \u201eWessis\u201c bunt gemischten Publikum beendete nach rund zwei Stunden einen interessanten und emotionalen Leseabend.<br \/>\n<a href=\"https:\/\/www.eutingen-lebt.de\/wp-content\/uploads\/Jens-Peter-Lesung-.jpg\"><img loading=\"lazy\" decoding=\"async\" class=\"alignnone size-medium wp-image-266\" alt=\"Jens Peter Lesung\" src=\"https:\/\/www.eutingen-lebt.de\/wp-content\/uploads\/Jens-Peter-Lesung--300x225.jpg\" width=\"300\" height=\"225\" srcset=\"https:\/\/www.eutingen-lebt.de\/wp-content\/uploads\/Jens-Peter-Lesung--300x225.jpg 300w, https:\/\/www.eutingen-lebt.de\/wp-content\/uploads\/Jens-Peter-Lesung--1024x768.jpg 1024w\" sizes=\"auto, (max-width: 300px) 100vw, 300px\" \/><\/a><\/p>\n","protected":false},"excerpt":{"rendered":"<p>Eine beeindruckende und stellenweise sehr pers\u00f6nliche Lesung veranstaltete der Verein \u201eEutingen lebt -Eule- e.V.\u201c in Kooperation mit dem Caf\u00e8 \u201eTanthe K\u00e4the\u201c. Am Vorabend der \u201edeutsch-deutschen Silberhochzeit\u201c trug Schauspieler Jens Peter Texte aus dem Buch \u201eDie wunderbaren Jahre\u201c von Reiner Kunze&hellip; <\/p>\n","protected":false},"author":3,"featured_media":0,"comment_status":"closed","ping_status":"open","sticky":false,"template":"","format":"standard","meta":{"footnotes":""},"categories":[6],"tags":[],"class_list":["post-264","post","type-post","status-publish","format-standard","hentry","category-vergangenes"],"_links":{"self":[{"href":"https:\/\/www.eutingen-lebt.de\/index.php?rest_route=\/wp\/v2\/posts\/264","targetHints":{"allow":["GET"]}}],"collection":[{"href":"https:\/\/www.eutingen-lebt.de\/index.php?rest_route=\/wp\/v2\/posts"}],"about":[{"href":"https:\/\/www.eutingen-lebt.de\/index.php?rest_route=\/wp\/v2\/types\/post"}],"author":[{"embeddable":true,"href":"https:\/\/www.eutingen-lebt.de\/index.php?rest_route=\/wp\/v2\/users\/3"}],"replies":[{"embeddable":true,"href":"https:\/\/www.eutingen-lebt.de\/index.php?rest_route=%2Fwp%2Fv2%2Fcomments&post=264"}],"version-history":[{"count":3,"href":"https:\/\/www.eutingen-lebt.de\/index.php?rest_route=\/wp\/v2\/posts\/264\/revisions"}],"predecessor-version":[{"id":361,"href":"https:\/\/www.eutingen-lebt.de\/index.php?rest_route=\/wp\/v2\/posts\/264\/revisions\/361"}],"wp:attachment":[{"href":"https:\/\/www.eutingen-lebt.de\/index.php?rest_route=%2Fwp%2Fv2%2Fmedia&parent=264"}],"wp:term":[{"taxonomy":"category","embeddable":true,"href":"https:\/\/www.eutingen-lebt.de\/index.php?rest_route=%2Fwp%2Fv2%2Fcategories&post=264"},{"taxonomy":"post_tag","embeddable":true,"href":"https:\/\/www.eutingen-lebt.de\/index.php?rest_route=%2Fwp%2Fv2%2Ftags&post=264"}],"curies":[{"name":"wp","href":"https:\/\/api.w.org\/{rel}","templated":true}]}}