{"id":317,"date":"2016-01-25T23:32:52","date_gmt":"2016-01-25T21:32:52","guid":{"rendered":"http:\/\/www.eutingen-lebt.de\/?p=317"},"modified":"2017-01-13T21:39:05","modified_gmt":"2017-01-13T19:39:05","slug":"3-eutinger-musicalnacht-am-30-31-januar-2016","status":"publish","type":"post","link":"https:\/\/www.eutingen-lebt.de\/?p=317","title":{"rendered":"3. Eutinger Musicalnacht am 30. + 31. Januar 2016"},"content":{"rendered":"<p>Es ist soweit : Am 30. und 31. Januar veranstalten der Verein \u201eEutingen lebt -EULE- e.V.\u201c und die Ortsverwaltung Eutingen bereits zum dritten Mal die \u201eEutinger Musicalnacht\u201c im Alten E-Werk, Georg-Feuerstein-Str. 2.<br \/>\nDer weit \u00fcber Pforzheim hinaus beliebte K\u00fcnstler Andrea M. Pagani pr\u00e4sentiert in seiner unnachahmlichen Art wieder beliebte Melodien, die er in unterhaltsamer Weise mit pers\u00f6nlichen Geschichten verbindet.<br \/>\nDabei werden unter anderem St\u00fccke aus \u201eWest Side Story\u201c, \u201eMiss Saigon\u201c und dem \u201ePhantom der Oper\u201c zu h\u00f6ren sein.<br \/>\nAbgerundet wird das unter dem Motto \u201eMusical und Pop\u201c stehende Programm noch mit bekannten Titeln von Peter Maffay, John Miles, Billy Joel u.a.<br \/>\nMit Yvonne Luithlen wurde zudem eine stimmgewaltige Duett-Partnerin eingeladen, die bereits in der viel umjubelten Pforzheimer \u201eDracula\u201c-Inszenierung mitwirkte und sicher auch das Publikum in Eutingen begeistern wird.<br \/>\nF\u00fcr das Konzert am Samstag, 30. Januar, 19:30 Uhr, gibt es noch wenige Restkarten bei der Ortsverwaltung Eutingen und an der Abendkasse. F\u00fcr das Zusatzkonzert am Sonntag, 31. Januar, 15:30 Uhr, gibt es derzeit (noch) gen\u00fcgend Tickets (13,- \u20ac, erm\u00e4\u00dfigt 10,- \u20ac)<a href=\"https:\/\/www.eutingen-lebt.de\/wp-content\/uploads\/Pagani-02-2.jpg\"><img loading=\"lazy\" decoding=\"async\" class=\"alignnone size-medium wp-image-319\" alt=\"Pagani 02 (2)\" src=\"https:\/\/www.eutingen-lebt.de\/wp-content\/uploads\/Pagani-02-2-200x300.jpg\" width=\"200\" height=\"300\" srcset=\"https:\/\/www.eutingen-lebt.de\/wp-content\/uploads\/Pagani-02-2-200x300.jpg 200w, https:\/\/www.eutingen-lebt.de\/wp-content\/uploads\/Pagani-02-2-683x1024.jpg 683w\" sizes=\"auto, (max-width: 200px) 100vw, 200px\" \/><\/a><\/p>\n<p><a href=\"https:\/\/www.eutingen-lebt.de\/wp-content\/uploads\/Andrea-Pagani.jpg\"><img loading=\"lazy\" decoding=\"async\" class=\"alignnone size-medium wp-image-318\" alt=\"Andrea Pagani\" src=\"https:\/\/www.eutingen-lebt.de\/wp-content\/uploads\/Andrea-Pagani-200x300.jpg\" width=\"200\" height=\"300\" srcset=\"https:\/\/www.eutingen-lebt.de\/wp-content\/uploads\/Andrea-Pagani-200x300.jpg 200w, https:\/\/www.eutingen-lebt.de\/wp-content\/uploads\/Andrea-Pagani-682x1024.jpg 682w, https:\/\/www.eutingen-lebt.de\/wp-content\/uploads\/Andrea-Pagani.jpg 1744w\" sizes=\"auto, (max-width: 200px) 100vw, 200px\" \/><\/a><\/p>\n","protected":false},"excerpt":{"rendered":"<p>Es ist soweit : Am 30. und 31. Januar veranstalten der Verein \u201eEutingen lebt -EULE- e.V.\u201c und die Ortsverwaltung Eutingen bereits zum dritten Mal die \u201eEutinger Musicalnacht\u201c im Alten E-Werk, Georg-Feuerstein-Str. 2. Der weit \u00fcber Pforzheim hinaus beliebte K\u00fcnstler Andrea&hellip; <\/p>\n","protected":false},"author":3,"featured_media":0,"comment_status":"closed","ping_status":"open","sticky":false,"template":"","format":"standard","meta":{"footnotes":""},"categories":[9],"tags":[],"class_list":["post-317","post","type-post","status-publish","format-standard","hentry","category-archiv-2016"],"_links":{"self":[{"href":"https:\/\/www.eutingen-lebt.de\/index.php?rest_route=\/wp\/v2\/posts\/317","targetHints":{"allow":["GET"]}}],"collection":[{"href":"https:\/\/www.eutingen-lebt.de\/index.php?rest_route=\/wp\/v2\/posts"}],"about":[{"href":"https:\/\/www.eutingen-lebt.de\/index.php?rest_route=\/wp\/v2\/types\/post"}],"author":[{"embeddable":true,"href":"https:\/\/www.eutingen-lebt.de\/index.php?rest_route=\/wp\/v2\/users\/3"}],"replies":[{"embeddable":true,"href":"https:\/\/www.eutingen-lebt.de\/index.php?rest_route=%2Fwp%2Fv2%2Fcomments&post=317"}],"version-history":[{"count":6,"href":"https:\/\/www.eutingen-lebt.de\/index.php?rest_route=\/wp\/v2\/posts\/317\/revisions"}],"predecessor-version":[{"id":372,"href":"https:\/\/www.eutingen-lebt.de\/index.php?rest_route=\/wp\/v2\/posts\/317\/revisions\/372"}],"wp:attachment":[{"href":"https:\/\/www.eutingen-lebt.de\/index.php?rest_route=%2Fwp%2Fv2%2Fmedia&parent=317"}],"wp:term":[{"taxonomy":"category","embeddable":true,"href":"https:\/\/www.eutingen-lebt.de\/index.php?rest_route=%2Fwp%2Fv2%2Fcategories&post=317"},{"taxonomy":"post_tag","embeddable":true,"href":"https:\/\/www.eutingen-lebt.de\/index.php?rest_route=%2Fwp%2Fv2%2Ftags&post=317"}],"curies":[{"name":"wp","href":"https:\/\/api.w.org\/{rel}","templated":true}]}}