{"id":324,"date":"2016-02-07T16:18:50","date_gmt":"2016-02-07T14:18:50","guid":{"rendered":"http:\/\/www.eutingen-lebt.de\/?p=324"},"modified":"2017-01-13T21:39:28","modified_gmt":"2017-01-13T19:39:28","slug":"3-eutinger-musicalnacht","status":"publish","type":"post","link":"https:\/\/www.eutingen-lebt.de\/?p=324","title":{"rendered":"3. Eutinger Musicalnacht"},"content":{"rendered":"<p>3. Eutinger Musicalnacht<br \/>\nBereits zum dritten Mal fand am 30. und 31. Januar 2016 die \u201eEutinger Musicalnacht\u201c im Alten E-Werk statt. Und auch diesmal stellte Andrea M.Pagani seine F\u00e4higkeiten als Musicals\u00e4nger und Entertainer eindrucksvoll unter Beweis. Dabei spannte sich der musikalische Bogen von \u201eKlassikern\u201c wie \u201eMehr will ich nicht von Dir\u201c aus dem \u201ePhantom der Oper\u201c oder \u201eMaria\u201c aus der \u201eWest Side Story\u201c bis hin zu aktuellen Titeln wie \u201eBlood on your shirt\u201c aus dem neuen Musical \u201eOthello Reloaded\u201c. Daneben begeisterte Pagani auch mit internationalen Popsongs wie \u201eSoulman\u201c, \u201eMusic\u201c oder \u201eShiny happy people\u201c, bei dem das zahlreich erschienene Publikum lautstark mitsingen durfte.<br \/>\nMit Yvonne Luithlen stand ihm eine stimmgewaltige Partnerin zur Seite, die ihr K\u00f6nnen nicht nur mit Solost\u00fccken, u.a. \u201eNur f\u00fcr mich\u201c aus \u201eLes Mis\u00e9rables\u201c, sondern auch bei gef\u00fchlvollen Duetten wie \u201eLetzte Nacht der Welt\u201c aus \u201eMiss Saigon\u201c unter Beweis stellte und bei den Zuh\u00f6rern f\u00fcr G\u00e4nsehaut-Stimmung sorgte.<br \/>\nAu\u00dferdem stand mit Holger Kr\u00f6ner auch ein Lokalmatador auf der B\u00fchne, der einzelne St\u00fccke gef\u00fchlvoll mit der Gitarre begleitete.<br \/>\nDie Organisatoren des Vereins \u201eEutingen lebt \u2013Eule\u201c zeigten sich mit dem Erfolg der Musicalnacht, bei der die K\u00fcnstler am Sonntag sogar mit stehenden Ovationen gefeiert wurden, sehr zufrieden.<br \/>\nDeshalb wird es wohl sp\u00e4testens 2017 eine Fortsetzung geben, auf die man sich heute schon freuen kann.<\/p>\n<p>Eule\/j\u00e4<\/p>\n<p><a href=\"https:\/\/www.eutingen-lebt.de\/wp-content\/uploads\/DSCN0005.jpg\"><img loading=\"lazy\" decoding=\"async\" class=\"alignnone size-medium wp-image-325\" alt=\"DSCN0005\" src=\"https:\/\/www.eutingen-lebt.de\/wp-content\/uploads\/DSCN0005-300x225.jpg\" width=\"300\" height=\"225\" srcset=\"https:\/\/www.eutingen-lebt.de\/wp-content\/uploads\/DSCN0005-300x225.jpg 300w, https:\/\/www.eutingen-lebt.de\/wp-content\/uploads\/DSCN0005-1024x768.jpg 1024w\" sizes=\"auto, (max-width: 300px) 100vw, 300px\" \/><\/a><a href=\"https:\/\/www.eutingen-lebt.de\/wp-content\/uploads\/DSCN0015.jpg\"><img loading=\"lazy\" decoding=\"async\" class=\"alignnone size-medium wp-image-326\" alt=\"DSCN0015\" src=\"https:\/\/www.eutingen-lebt.de\/wp-content\/uploads\/DSCN0015-300x225.jpg\" width=\"300\" height=\"225\" srcset=\"https:\/\/www.eutingen-lebt.de\/wp-content\/uploads\/DSCN0015-300x225.jpg 300w, https:\/\/www.eutingen-lebt.de\/wp-content\/uploads\/DSCN0015-1024x768.jpg 1024w\" sizes=\"auto, (max-width: 300px) 100vw, 300px\" \/><\/a><a href=\"https:\/\/www.eutingen-lebt.de\/wp-content\/uploads\/Luithlen_Pagani.jpg\"><img loading=\"lazy\" decoding=\"async\" class=\"alignnone size-medium wp-image-328\" alt=\"Luithlen_Pagani\" src=\"https:\/\/www.eutingen-lebt.de\/wp-content\/uploads\/Luithlen_Pagani-300x208.jpg\" width=\"300\" height=\"208\" srcset=\"https:\/\/www.eutingen-lebt.de\/wp-content\/uploads\/Luithlen_Pagani-300x208.jpg 300w, https:\/\/www.eutingen-lebt.de\/wp-content\/uploads\/Luithlen_Pagani-1024x710.jpg 1024w\" sizes=\"auto, (max-width: 300px) 100vw, 300px\" \/><\/a><a href=\"https:\/\/www.eutingen-lebt.de\/wp-content\/uploads\/Kr\u00f6ner_Luithlen_Pagani.jpg\"><img loading=\"lazy\" decoding=\"async\" class=\"alignnone size-medium wp-image-327\" alt=\"Kr\u00f6ner_Luithlen_Pagani\" src=\"https:\/\/www.eutingen-lebt.de\/wp-content\/uploads\/Kr\u00f6ner_Luithlen_Pagani-300x221.jpg\" width=\"300\" height=\"221\" srcset=\"https:\/\/www.eutingen-lebt.de\/wp-content\/uploads\/Kr\u00f6ner_Luithlen_Pagani-300x221.jpg 300w, https:\/\/www.eutingen-lebt.de\/wp-content\/uploads\/Kr\u00f6ner_Luithlen_Pagani-1024x756.jpg 1024w\" sizes=\"auto, (max-width: 300px) 100vw, 300px\" \/><\/a><\/p>\n","protected":false},"excerpt":{"rendered":"<p>3. Eutinger Musicalnacht Bereits zum dritten Mal fand am 30. und 31. Januar 2016 die \u201eEutinger Musicalnacht\u201c im Alten E-Werk statt. Und auch diesmal stellte Andrea M.Pagani seine F\u00e4higkeiten als Musicals\u00e4nger und Entertainer eindrucksvoll unter Beweis. Dabei spannte sich der&hellip; <\/p>\n","protected":false},"author":3,"featured_media":0,"comment_status":"closed","ping_status":"open","sticky":false,"template":"","format":"standard","meta":{"footnotes":""},"categories":[9],"tags":[],"class_list":["post-324","post","type-post","status-publish","format-standard","hentry","category-archiv-2016"],"_links":{"self":[{"href":"https:\/\/www.eutingen-lebt.de\/index.php?rest_route=\/wp\/v2\/posts\/324","targetHints":{"allow":["GET"]}}],"collection":[{"href":"https:\/\/www.eutingen-lebt.de\/index.php?rest_route=\/wp\/v2\/posts"}],"about":[{"href":"https:\/\/www.eutingen-lebt.de\/index.php?rest_route=\/wp\/v2\/types\/post"}],"author":[{"embeddable":true,"href":"https:\/\/www.eutingen-lebt.de\/index.php?rest_route=\/wp\/v2\/users\/3"}],"replies":[{"embeddable":true,"href":"https:\/\/www.eutingen-lebt.de\/index.php?rest_route=%2Fwp%2Fv2%2Fcomments&post=324"}],"version-history":[{"count":5,"href":"https:\/\/www.eutingen-lebt.de\/index.php?rest_route=\/wp\/v2\/posts\/324\/revisions"}],"predecessor-version":[{"id":513,"href":"https:\/\/www.eutingen-lebt.de\/index.php?rest_route=\/wp\/v2\/posts\/324\/revisions\/513"}],"wp:attachment":[{"href":"https:\/\/www.eutingen-lebt.de\/index.php?rest_route=%2Fwp%2Fv2%2Fmedia&parent=324"}],"wp:term":[{"taxonomy":"category","embeddable":true,"href":"https:\/\/www.eutingen-lebt.de\/index.php?rest_route=%2Fwp%2Fv2%2Fcategories&post=324"},{"taxonomy":"post_tag","embeddable":true,"href":"https:\/\/www.eutingen-lebt.de\/index.php?rest_route=%2Fwp%2Fv2%2Ftags&post=324"}],"curies":[{"name":"wp","href":"https:\/\/api.w.org\/{rel}","templated":true}]}}