{"id":333,"date":"2016-03-25T15:37:54","date_gmt":"2016-03-25T13:37:54","guid":{"rendered":"http:\/\/www.eutingen-lebt.de\/?p=333"},"modified":"2016-04-17T11:26:44","modified_gmt":"2016-04-17T09:26:44","slug":"hauptversammlung","status":"publish","type":"post","link":"https:\/\/www.eutingen-lebt.de\/?p=333","title":{"rendered":"Hauptversammlung"},"content":{"rendered":"<p>Sehr geehrte Mitglieder, Freunde und F\u00f6rderer,<\/p>\n<p>wir freuen uns, Sie am 08. April 2016 um 19.00 Uhr im Gasthaus Stadt Pforzheim &#8211; B\u00e4ren zu unserer diesj\u00e4hrigen Hauptversammlung einladen zu d\u00fcrfen.<\/p>\n<p>Gerne m\u00f6chten wir Ihnen einen kurzen Bericht \u00fcber das abgelaufene Gesch\u00e4ftsjahr vorstellen, um im Anschluss einen neuen Vorstand zu w\u00e4hlen.<\/p>\n<p>Auf Ihre konstruktive Mitarbeit an diesem Abend freuen wir uns sehr.<\/p>\n<p>Die Tagesordnung entnehmen Sie bitte der\u00a0<a href=\"https:\/\/www.eutingen-lebt.de\/wp-content\/uploads\/Einladung-Hauptversammlung-Eule.pdf\">Einladung<\/a>.<a href=\"https:\/\/www.eutingen-lebt.de\/wp-content\/uploads\/Einladung-Hauptversammlung-Eule.pdf\"><br \/>\n<\/a><\/p>\n<p>&nbsp;<\/p>\n<p>\u00dcber Ihr kommen freuen wir uns schon heute.<\/p>\n<p>&nbsp;<\/p>\n<p>F\u00fcr den Vorstand,<\/p>\n<p>M. Lipps<\/p>\n","protected":false},"excerpt":{"rendered":"<p>Sehr geehrte Mitglieder, Freunde und F\u00f6rderer, wir freuen uns, Sie am 08. April 2016 um 19.00 Uhr im Gasthaus Stadt Pforzheim &#8211; B\u00e4ren zu unserer diesj\u00e4hrigen Hauptversammlung einladen zu d\u00fcrfen. Gerne m\u00f6chten wir Ihnen einen kurzen Bericht \u00fcber das abgelaufene&hellip; <\/p>\n","protected":false},"author":2,"featured_media":0,"comment_status":"closed","ping_status":"open","sticky":false,"template":"","format":"standard","meta":{"footnotes":""},"categories":[4],"tags":[],"class_list":["post-333","post","type-post","status-publish","format-standard","hentry","category-veranstaltungen"],"_links":{"self":[{"href":"https:\/\/www.eutingen-lebt.de\/index.php?rest_route=\/wp\/v2\/posts\/333","targetHints":{"allow":["GET"]}}],"collection":[{"href":"https:\/\/www.eutingen-lebt.de\/index.php?rest_route=\/wp\/v2\/posts"}],"about":[{"href":"https:\/\/www.eutingen-lebt.de\/index.php?rest_route=\/wp\/v2\/types\/post"}],"author":[{"embeddable":true,"href":"https:\/\/www.eutingen-lebt.de\/index.php?rest_route=\/wp\/v2\/users\/2"}],"replies":[{"embeddable":true,"href":"https:\/\/www.eutingen-lebt.de\/index.php?rest_route=%2Fwp%2Fv2%2Fcomments&post=333"}],"version-history":[{"count":6,"href":"https:\/\/www.eutingen-lebt.de\/index.php?rest_route=\/wp\/v2\/posts\/333\/revisions"}],"predecessor-version":[{"id":339,"href":"https:\/\/www.eutingen-lebt.de\/index.php?rest_route=\/wp\/v2\/posts\/333\/revisions\/339"}],"wp:attachment":[{"href":"https:\/\/www.eutingen-lebt.de\/index.php?rest_route=%2Fwp%2Fv2%2Fmedia&parent=333"}],"wp:term":[{"taxonomy":"category","embeddable":true,"href":"https:\/\/www.eutingen-lebt.de\/index.php?rest_route=%2Fwp%2Fv2%2Fcategories&post=333"},{"taxonomy":"post_tag","embeddable":true,"href":"https:\/\/www.eutingen-lebt.de\/index.php?rest_route=%2Fwp%2Fv2%2Ftags&post=333"}],"curies":[{"name":"wp","href":"https:\/\/api.w.org\/{rel}","templated":true}]}}