{"id":353,"date":"2016-04-19T23:06:22","date_gmt":"2016-04-19T21:06:22","guid":{"rendered":"http:\/\/www.eutingen-lebt.de\/?p=353"},"modified":"2016-05-09T22:51:03","modified_gmt":"2016-05-09T20:51:03","slug":"martini-trifft-marlene-im-alten-e-werk","status":"publish","type":"post","link":"https:\/\/www.eutingen-lebt.de\/?p=353","title":{"rendered":"&#8222;Martini trifft Marlene&#8220; im Alten E-Werk"},"content":{"rendered":"<p>Am Freitag, 6. Mai, 20:00 Uhr, pr\u00e4sentiert der Verein \u201eEutingen lebt -EULE- e.V.\u201c im Alten E-Werk einen weiteren kulturellen Leckerbissen: Die musikalische Revue \u201eMartini meets Marlene\u201c (dt: *Martini trifft Marlene\u201c).<\/p>\n<p>In einer mitrei\u00dfenden Show wird die junge K\u00fcnstlerin Theresa Martini interessante Einblicke in Marlene Dietrichs schillerndes Leben geben. Selbstverst\u00e4ndlich werden dabei auch nahezu alle ihre Hits zu h\u00f6ren sein.<\/p>\n<p>Begleitet wird Theresa Martini dabei von Ton\u00e7 Feinig, einem herausragenden \u00f6sterreichischen Pianisten.<\/p>\n<p>Karten f\u00fcr diese Veranstaltung gibt es ab sofort im Vorverkauf bei der Ortsverwaltung Eutingen (11,- \u20ac, erm\u00e4\u00dfigt 9,- \u20ac). Au\u00dferdem ist eine Kartenreservierung unter tickets@eutingen-lebt.de m\u00f6glich.<\/p>\n<p><a href=\"https:\/\/www.eutingen-lebt.de\/wp-content\/uploads\/THE_7045x.jpg\"><img loading=\"lazy\" decoding=\"async\" src=\"https:\/\/www.eutingen-lebt.de\/wp-content\/uploads\/THE_7045x-200x300.jpg\" alt=\"THE_7045x\" width=\"200\" height=\"300\" class=\"alignnone size-medium wp-image-354\" srcset=\"https:\/\/www.eutingen-lebt.de\/wp-content\/uploads\/THE_7045x-200x300.jpg 200w, https:\/\/www.eutingen-lebt.de\/wp-content\/uploads\/THE_7045x-682x1024.jpg 682w\" sizes=\"auto, (max-width: 200px) 100vw, 200px\" \/><\/a><\/p>\n<p><a href=\"https:\/\/www.eutingen-lebt.de\/wp-content\/uploads\/Theresa_Marlene.jpg\"><img loading=\"lazy\" decoding=\"async\" src=\"https:\/\/www.eutingen-lebt.de\/wp-content\/uploads\/Theresa_Marlene-199x300.jpg\" alt=\"Theresa_Marlene\" width=\"199\" height=\"300\" class=\"alignnone size-medium wp-image-355\" srcset=\"https:\/\/www.eutingen-lebt.de\/wp-content\/uploads\/Theresa_Marlene-199x300.jpg 199w, https:\/\/www.eutingen-lebt.de\/wp-content\/uploads\/Theresa_Marlene.jpg 668w\" sizes=\"auto, (max-width: 199px) 100vw, 199px\" \/><\/a><\/p>\n","protected":false},"excerpt":{"rendered":"<p>Am Freitag, 6. Mai, 20:00 Uhr, pr\u00e4sentiert der Verein \u201eEutingen lebt -EULE- e.V.\u201c im Alten E-Werk einen weiteren kulturellen Leckerbissen: Die musikalische Revue \u201eMartini meets Marlene\u201c (dt: *Martini trifft Marlene\u201c). In einer mitrei\u00dfenden Show wird die junge K\u00fcnstlerin Theresa Martini&hellip; <\/p>\n","protected":false},"author":3,"featured_media":0,"comment_status":"closed","ping_status":"open","sticky":false,"template":"","format":"standard","meta":{"footnotes":""},"categories":[9],"tags":[],"class_list":["post-353","post","type-post","status-publish","format-standard","hentry","category-archiv-2016"],"_links":{"self":[{"href":"https:\/\/www.eutingen-lebt.de\/index.php?rest_route=\/wp\/v2\/posts\/353","targetHints":{"allow":["GET"]}}],"collection":[{"href":"https:\/\/www.eutingen-lebt.de\/index.php?rest_route=\/wp\/v2\/posts"}],"about":[{"href":"https:\/\/www.eutingen-lebt.de\/index.php?rest_route=\/wp\/v2\/types\/post"}],"author":[{"embeddable":true,"href":"https:\/\/www.eutingen-lebt.de\/index.php?rest_route=\/wp\/v2\/users\/3"}],"replies":[{"embeddable":true,"href":"https:\/\/www.eutingen-lebt.de\/index.php?rest_route=%2Fwp%2Fv2%2Fcomments&post=353"}],"version-history":[{"count":5,"href":"https:\/\/www.eutingen-lebt.de\/index.php?rest_route=\/wp\/v2\/posts\/353\/revisions"}],"predecessor-version":[{"id":407,"href":"https:\/\/www.eutingen-lebt.de\/index.php?rest_route=\/wp\/v2\/posts\/353\/revisions\/407"}],"wp:attachment":[{"href":"https:\/\/www.eutingen-lebt.de\/index.php?rest_route=%2Fwp%2Fv2%2Fmedia&parent=353"}],"wp:term":[{"taxonomy":"category","embeddable":true,"href":"https:\/\/www.eutingen-lebt.de\/index.php?rest_route=%2Fwp%2Fv2%2Fcategories&post=353"},{"taxonomy":"post_tag","embeddable":true,"href":"https:\/\/www.eutingen-lebt.de\/index.php?rest_route=%2Fwp%2Fv2%2Ftags&post=353"}],"curies":[{"name":"wp","href":"https:\/\/api.w.org\/{rel}","templated":true}]}}