{"id":385,"date":"2017-01-13T21:40:23","date_gmt":"2017-01-13T19:40:23","guid":{"rendered":"http:\/\/www.eutingen-lebt.de\/?p=385"},"modified":"2017-01-13T21:40:23","modified_gmt":"2017-01-13T19:40:23","slug":"marlene-dietrich-ein-mythos-lebt","status":"publish","type":"post","link":"https:\/\/www.eutingen-lebt.de\/?p=385","title":{"rendered":"Marlene Dietrich &#8211; ein Mythos lebt !"},"content":{"rendered":"<p>Eine einzigartige musikalische Zeitreise erlebten am vergangenen Freitag die Besucher des Alten E-Werks. Mit Ihrer Revue \u201eMartini meets Marlene\u201c erweckte die junge, vielseitige K\u00fcnstlerin Theresa Martini den Mythos Marlene Dietrich wieder zum Leben und gab teils \u00fcberraschende Einblicke in deren Werdegang w\u00e4hrend des Zweiten Weltkriegs und der Nachkriegszeit.<br \/>\nBegleitet wurde sie an diesem Abend von Ton\u010d Feinig, einem erstklassigen \u00f6sterreichischen Pianisten.<br \/>\nDer musikalische Rahmen spannte sich dabei vom einf\u00fchlsam vorgetragenen \u201eSag mir, wo die Blumen sind\u201c bis hin zur fetzigen \u201efeschen Lola\u201c. Selbstverst\u00e4ndlich durfte auch der Klassiker \u201eIch bin von Kopf bis Fu\u00df auf Liebe eingestellt\u201c als Zugabe nicht fehlen. Den bewegenden Abschluss eines unvergesslichen Abends bildete das legend\u00e4re Lied von \u201eLili Marleen\u201c, das Theresa Martini gemeinsam mit dem Publikum sang.<br \/>\nDie Besucher bedankten sich bei beiden K\u00fcnstlern daf\u00fcr mit lang anhaltendem Beifall.<\/p>\n","protected":false},"excerpt":{"rendered":"<p>Eine einzigartige musikalische Zeitreise erlebten am vergangenen Freitag die Besucher des Alten E-Werks. Mit Ihrer Revue \u201eMartini meets Marlene\u201c erweckte die junge, vielseitige K\u00fcnstlerin Theresa Martini den Mythos Marlene Dietrich wieder zum Leben und gab teils \u00fcberraschende Einblicke in deren&hellip; <\/p>\n","protected":false},"author":3,"featured_media":0,"comment_status":"closed","ping_status":"open","sticky":false,"template":"","format":"standard","meta":{"footnotes":""},"categories":[9],"tags":[],"class_list":["post-385","post","type-post","status-publish","format-standard","hentry","category-archiv-2016"],"_links":{"self":[{"href":"https:\/\/www.eutingen-lebt.de\/index.php?rest_route=\/wp\/v2\/posts\/385","targetHints":{"allow":["GET"]}}],"collection":[{"href":"https:\/\/www.eutingen-lebt.de\/index.php?rest_route=\/wp\/v2\/posts"}],"about":[{"href":"https:\/\/www.eutingen-lebt.de\/index.php?rest_route=\/wp\/v2\/types\/post"}],"author":[{"embeddable":true,"href":"https:\/\/www.eutingen-lebt.de\/index.php?rest_route=\/wp\/v2\/users\/3"}],"replies":[{"embeddable":true,"href":"https:\/\/www.eutingen-lebt.de\/index.php?rest_route=%2Fwp%2Fv2%2Fcomments&post=385"}],"version-history":[{"count":1,"href":"https:\/\/www.eutingen-lebt.de\/index.php?rest_route=\/wp\/v2\/posts\/385\/revisions"}],"predecessor-version":[{"id":514,"href":"https:\/\/www.eutingen-lebt.de\/index.php?rest_route=\/wp\/v2\/posts\/385\/revisions\/514"}],"wp:attachment":[{"href":"https:\/\/www.eutingen-lebt.de\/index.php?rest_route=%2Fwp%2Fv2%2Fmedia&parent=385"}],"wp:term":[{"taxonomy":"category","embeddable":true,"href":"https:\/\/www.eutingen-lebt.de\/index.php?rest_route=%2Fwp%2Fv2%2Fcategories&post=385"},{"taxonomy":"post_tag","embeddable":true,"href":"https:\/\/www.eutingen-lebt.de\/index.php?rest_route=%2Fwp%2Fv2%2Ftags&post=385"}],"curies":[{"name":"wp","href":"https:\/\/api.w.org\/{rel}","templated":true}]}}