{"id":414,"date":"2016-07-03T06:44:37","date_gmt":"2016-07-03T04:44:37","guid":{"rendered":"http:\/\/www.eutingen-lebt.de\/?p=414"},"modified":"2016-10-30T09:14:49","modified_gmt":"2016-10-30T07:14:49","slug":"1-eutinger-meisterschaft-im-badewannenrennen","status":"publish","type":"post","link":"https:\/\/www.eutingen-lebt.de\/?p=414","title":{"rendered":"1. Eutinger Meisterschaft im Badewannenrennen"},"content":{"rendered":"<p>Zum Auftakt des diesj\u00e4hrigen Eutinger Inselfests soll es auf der Enz die 1. Eutinger Meisterschaft im Badewannenrennen geben. Sie findet am 30. Juli von 14:00 bis ca. 16:30 Uhr im Bereich des Waagstegs statt.<br \/>\nDaran kann jede\/r teilnehmen, der schwimmen kann und mindestens 14 Jahre alt ist.<br \/>\nGestartet wird in 2er-Mannschaften, die -hoffentlich- unsinkbaren \u201eRenn-Badewannen\u201c sowie Paddel und Schwimmwesten (obligatorisch) werden vom Veranstalter gestellt. Die Startgeb\u00fchr betr\u00e4gt 5,- Euro pro Team.<br \/>\nToll w\u00e4re es, wenn sich die einzelnen Teams f\u00fcr das Rennen einfallsreich kost\u00fcmieren, da nicht nur die Schnellsten, sondern auch die Mannschaften mit der originellsten Verkleidung pr\u00e4miert werden sollen. \u00dcber den \u201eSch\u00f6nheitspreis\u201c entscheiden die Zuschauer vor Ort mit Stimmkarten.<br \/>\nDie Anmeldung zum Rennen ist ab sofort mit dem beigef\u00fcgten Formular m\u00f6glich, entweder pers\u00f6nlich bei der Ortsverwaltung oder per E-Mail an badewanne@eutingen-lebt.de.<\/p>\n<p><a href=\"https:\/\/www.eutingen-lebt.de\/wp-content\/uploads\/anmeldeformular-badewannenrennen.pdf\">anmeldeformular badewannenrennen<\/a><\/p>\n<p><a href=\"https:\/\/www.eutingen-lebt.de\/wp-content\/uploads\/Rennbadewanne.jpg\"><img loading=\"lazy\" decoding=\"async\" class=\"aligncenter size-large wp-image-416\" alt=\"Rennbadewanne\" src=\"https:\/\/www.eutingen-lebt.de\/wp-content\/uploads\/Rennbadewanne.jpg\" width=\"700\" height=\"592\" srcset=\"https:\/\/www.eutingen-lebt.de\/wp-content\/uploads\/Rennbadewanne.jpg 960w, https:\/\/www.eutingen-lebt.de\/wp-content\/uploads\/Rennbadewanne-300x253.jpg 300w\" sizes=\"auto, (max-width: 700px) 100vw, 700px\" \/><\/a><\/p>\n","protected":false},"excerpt":{"rendered":"<p>Zum Auftakt des diesj\u00e4hrigen Eutinger Inselfests soll es auf der Enz die 1. Eutinger Meisterschaft im Badewannenrennen geben. Sie findet am 30. Juli von 14:00 bis ca. 16:30 Uhr im Bereich des Waagstegs statt. Daran kann jede\/r teilnehmen, der schwimmen&hellip; <\/p>\n","protected":false},"author":3,"featured_media":0,"comment_status":"closed","ping_status":"open","sticky":false,"template":"","format":"standard","meta":{"footnotes":""},"categories":[9],"tags":[],"class_list":["post-414","post","type-post","status-publish","format-standard","hentry","category-archiv-2016"],"_links":{"self":[{"href":"https:\/\/www.eutingen-lebt.de\/index.php?rest_route=\/wp\/v2\/posts\/414","targetHints":{"allow":["GET"]}}],"collection":[{"href":"https:\/\/www.eutingen-lebt.de\/index.php?rest_route=\/wp\/v2\/posts"}],"about":[{"href":"https:\/\/www.eutingen-lebt.de\/index.php?rest_route=\/wp\/v2\/types\/post"}],"author":[{"embeddable":true,"href":"https:\/\/www.eutingen-lebt.de\/index.php?rest_route=\/wp\/v2\/users\/3"}],"replies":[{"embeddable":true,"href":"https:\/\/www.eutingen-lebt.de\/index.php?rest_route=%2Fwp%2Fv2%2Fcomments&post=414"}],"version-history":[{"count":3,"href":"https:\/\/www.eutingen-lebt.de\/index.php?rest_route=\/wp\/v2\/posts\/414\/revisions"}],"predecessor-version":[{"id":471,"href":"https:\/\/www.eutingen-lebt.de\/index.php?rest_route=\/wp\/v2\/posts\/414\/revisions\/471"}],"wp:attachment":[{"href":"https:\/\/www.eutingen-lebt.de\/index.php?rest_route=%2Fwp%2Fv2%2Fmedia&parent=414"}],"wp:term":[{"taxonomy":"category","embeddable":true,"href":"https:\/\/www.eutingen-lebt.de\/index.php?rest_route=%2Fwp%2Fv2%2Fcategories&post=414"},{"taxonomy":"post_tag","embeddable":true,"href":"https:\/\/www.eutingen-lebt.de\/index.php?rest_route=%2Fwp%2Fv2%2Ftags&post=414"}],"curies":[{"name":"wp","href":"https:\/\/api.w.org\/{rel}","templated":true}]}}