{"id":448,"date":"2016-08-25T22:49:46","date_gmt":"2016-08-25T20:49:46","guid":{"rendered":"http:\/\/www.eutingen-lebt.de\/?p=448"},"modified":"2016-10-30T09:15:22","modified_gmt":"2016-10-30T07:15:22","slug":"auftakt-der-kinderferienwochen-2016","status":"publish","type":"post","link":"https:\/\/www.eutingen-lebt.de\/?p=448","title":{"rendered":"Auftakt der Kinderferienwochen 2016"},"content":{"rendered":"<p>Am Montag, den 22.08.16 starteten wir die diesj\u00e4hrige Kinderferienwoche mit Klettern beim Alpenverein.<\/p>\n<p>Um 17.30 Uhr trafen sich dann die teilnehmenden Vereine auf der Insel, um gemeinsam mit den Kindern die Kinderferienwoche 2016 zu er\u00f6ffnen.<\/p>\n<p>Auch in diesem Jahr haben die Vereine wieder ein vielf\u00e4ltiges Angebot. Rund 200 Kinder haben sich angemeldet und stehen nun in den Startl\u00f6chern, um in den n\u00e4chsten drei Wochen viel Spass zu erleben.<\/p>\n<p><a href=\"https:\/\/www.eutingen-lebt.de\/wp-content\/uploads\/DSCN0178.jpg\"><img loading=\"lazy\" decoding=\"async\" class=\"aligncenter size-large wp-image-449\" alt=\"DSCN0178\" src=\"https:\/\/www.eutingen-lebt.de\/wp-content\/uploads\/DSCN0178-768x1024.jpg\" width=\"700\" height=\"933\" srcset=\"https:\/\/www.eutingen-lebt.de\/wp-content\/uploads\/DSCN0178-768x1024.jpg 768w, https:\/\/www.eutingen-lebt.de\/wp-content\/uploads\/DSCN0178-225x300.jpg 225w\" sizes=\"auto, (max-width: 700px) 100vw, 700px\" \/><\/a> <a href=\"https:\/\/www.eutingen-lebt.de\/wp-content\/uploads\/Bild-Ki-FeWO.jpg\"><img loading=\"lazy\" decoding=\"async\" class=\"aligncenter size-large wp-image-450\" alt=\"Bild Ki FeWO\" src=\"https:\/\/www.eutingen-lebt.de\/wp-content\/uploads\/Bild-Ki-FeWO-1024x650.jpg\" width=\"700\" height=\"444\" srcset=\"https:\/\/www.eutingen-lebt.de\/wp-content\/uploads\/Bild-Ki-FeWO-1024x650.jpg 1024w, https:\/\/www.eutingen-lebt.de\/wp-content\/uploads\/Bild-Ki-FeWO-300x190.jpg 300w\" sizes=\"auto, (max-width: 700px) 100vw, 700px\" \/><\/a><\/p>\n<p>Wir w\u00fcnschen allen Vereinen gutes Gelingen und nat\u00fcrlich ebenfalls viel Spass.<\/p>\n","protected":false},"excerpt":{"rendered":"<p>Am Montag, den 22.08.16 starteten wir die diesj\u00e4hrige Kinderferienwoche mit Klettern beim Alpenverein. Um 17.30 Uhr trafen sich dann die teilnehmenden Vereine auf der Insel, um gemeinsam mit den Kindern die Kinderferienwoche 2016 zu er\u00f6ffnen. Auch in diesem Jahr haben&hellip; <\/p>\n","protected":false},"author":3,"featured_media":0,"comment_status":"closed","ping_status":"open","sticky":false,"template":"","format":"standard","meta":{"footnotes":""},"categories":[9],"tags":[],"class_list":["post-448","post","type-post","status-publish","format-standard","hentry","category-archiv-2016"],"_links":{"self":[{"href":"https:\/\/www.eutingen-lebt.de\/index.php?rest_route=\/wp\/v2\/posts\/448","targetHints":{"allow":["GET"]}}],"collection":[{"href":"https:\/\/www.eutingen-lebt.de\/index.php?rest_route=\/wp\/v2\/posts"}],"about":[{"href":"https:\/\/www.eutingen-lebt.de\/index.php?rest_route=\/wp\/v2\/types\/post"}],"author":[{"embeddable":true,"href":"https:\/\/www.eutingen-lebt.de\/index.php?rest_route=\/wp\/v2\/users\/3"}],"replies":[{"embeddable":true,"href":"https:\/\/www.eutingen-lebt.de\/index.php?rest_route=%2Fwp%2Fv2%2Fcomments&post=448"}],"version-history":[{"count":5,"href":"https:\/\/www.eutingen-lebt.de\/index.php?rest_route=\/wp\/v2\/posts\/448\/revisions"}],"predecessor-version":[{"id":453,"href":"https:\/\/www.eutingen-lebt.de\/index.php?rest_route=\/wp\/v2\/posts\/448\/revisions\/453"}],"wp:attachment":[{"href":"https:\/\/www.eutingen-lebt.de\/index.php?rest_route=%2Fwp%2Fv2%2Fmedia&parent=448"}],"wp:term":[{"taxonomy":"category","embeddable":true,"href":"https:\/\/www.eutingen-lebt.de\/index.php?rest_route=%2Fwp%2Fv2%2Fcategories&post=448"},{"taxonomy":"post_tag","embeddable":true,"href":"https:\/\/www.eutingen-lebt.de\/index.php?rest_route=%2Fwp%2Fv2%2Ftags&post=448"}],"curies":[{"name":"wp","href":"https:\/\/api.w.org\/{rel}","templated":true}]}}