{"id":455,"date":"2016-09-02T23:45:18","date_gmt":"2016-09-02T21:45:18","guid":{"rendered":"http:\/\/www.eutingen-lebt.de\/?p=455"},"modified":"2019-04-22T07:38:44","modified_gmt":"2019-04-22T05:38:44","slug":"das-kalte-herz-in-eutingen","status":"publish","type":"post","link":"https:\/\/www.eutingen-lebt.de\/?p=455","title":{"rendered":"Das &#8222;Kalte Herz&#8220; in Eutingen"},"content":{"rendered":"<p><a href=\"https:\/\/www.eutingen-lebt.de\/wp-content\/uploads\/DSC_6932a-2.jpg\"><img loading=\"lazy\" decoding=\"async\" class=\"size-large wp-image-456\" alt=\"Einen musikalisch-literarischen Leckerbissen f\u00fcr die ganze Familie pr\u00e4sentiert der Verein \u201eEutingen lebt \u2013 Eule \u2013\u201e e.V. am 25. September um 15 Uhr im Evang. Gemeindehaus in der Fritz-Neuert-Stra\u00dfe: Der beliebte Schauspieler Markus L\u00f6chner und das virtuose Klavierduo Ljiljana Borota\/Christian Knebel arbeiten schon seit einigen Jahren als \u201eEnsemble geFL\u00dcGELte WORTe\u201c zusammen.  Unter anderem vertonten sie gemeinsam \u201eDer kleine Prinz\u201c von Antoine de Saint-Exup\u00e9ry, den wir bereits 2012 in Eutingen erleben durften. Mit \u201eDas kalte Herz\u201c stellen sie ihre neueste Produktion der \u00d6ffentlichkeit vor.  Zur von Borota &amp; Knebel vierh\u00e4ndig gespielten und dramaturgisch gesetzten Musik von Franz Schubert, l\u00e4sst L\u00f6chner die Figuren um den armen K\u00f6hler Peter Munk lebendig werden. Das schaurige, romantische M\u00e4rchen um Neid, Gier, Geister und die Liebe erreicht durch die Symbiose von Wort und Musik eine gro\u00dfe Kraft und Plastizit\u00e4t: Ein H\u00f6r- und Sehspa\u00df f\u00fcr alle, die gute Geschichten lieben! Der Vorkauf hat bereits begonnen. Eintrittskarten zum Preis von 7,50 Euro (Sch\u00fcler + Studenten 4,50 Euro) sind bei der Ortsverwaltung Eutingen erh\u00e4ltlich oder k\u00f6nnen unter tickets@eutingen-lebt.de reserviert werden. \" src=\"https:\/\/www.eutingen-lebt.de\/wp-content\/uploads\/DSC_6932a-2-1024x680.jpg\" width=\"700\" height=\"464\" srcset=\"https:\/\/www.eutingen-lebt.de\/wp-content\/uploads\/DSC_6932a-2-1024x680.jpg 1024w, https:\/\/www.eutingen-lebt.de\/wp-content\/uploads\/DSC_6932a-2-300x199.jpg 300w\" sizes=\"auto, (max-width: 700px) 100vw, 700px\" \/><\/a><\/p>\n<p>&nbsp;<\/p>\n<p>Einen musikalisch-literarischen Leckerbissen f\u00fcr die ganze Familie pr\u00e4sentiert der Verein \u201eEutingen lebt \u2013 Eule \u2013\u201e e.V. am 25. September um 15 Uhr im Evang. Gemeindehaus in der Fritz-Neuert-Stra\u00dfe:<\/p>\n<p>Der beliebte Schauspieler Markus L\u00f6chner und das virtuose Klavierduo Ljiljana Borota\/Christian Knebel arbeiten schon seit einigen Jahren als \u201eEnsemble geFL\u00dcGELte WORTe\u201c zusammen.<\/p>\n<p>Unter anderem vertonten sie gemeinsam \u201eDer kleine Prinz\u201c von Antoine de Saint-Exup\u00e9ry, den wir bereits 2012 in Eutingen erleben durften.<\/p>\n<p>Mit \u201eDas kalte Herz\u201c stellen sie ihre neueste Produktion der \u00d6ffentlichkeit vor.<\/p>\n<p>Zur von Borota &amp; Knebel vierh\u00e4ndig gespielten und dramaturgisch gesetzten Musik von Franz Schubert, l\u00e4sst L\u00f6chner die Figuren um den armen K\u00f6hler Peter Munk lebendig werden. Das schaurige, romantische M\u00e4rchen um Neid, Gier, Geister und die Liebe erreicht durch die Symbiose von Wort und Musik eine gro\u00dfe Kraft und Plastizit\u00e4t: Ein H\u00f6r- und Sehspa\u00df f\u00fcr alle, die gute Geschichten lieben!<\/p>\n<p>Der Vorkauf hat bereits begonnen. Eintrittskarten zum Preis von 7,50 Euro (Sch\u00fcler + Studenten 4,50 Euro) sind bei der Ortsverwaltung Eutingen erh\u00e4ltlich oder k\u00f6nnen unter <a href=\"mailto:tickets@eutingen-lebt.de\">tickets@eutingen-lebt.de<\/a> reserviert werden.<\/p>\n","protected":false},"excerpt":{"rendered":"<p>&nbsp; Einen musikalisch-literarischen Leckerbissen f\u00fcr die ganze Familie pr\u00e4sentiert der Verein \u201eEutingen lebt \u2013 Eule \u2013\u201e e.V. am 25. September um 15 Uhr im Evang. Gemeindehaus in der Fritz-Neuert-Stra\u00dfe: Der beliebte Schauspieler Markus L\u00f6chner und das virtuose Klavierduo Ljiljana Borota\/Christian&hellip; <\/p>\n","protected":false},"author":3,"featured_media":0,"comment_status":"closed","ping_status":"open","sticky":false,"template":"","format":"standard","meta":{"footnotes":""},"categories":[9,4],"tags":[],"class_list":["post-455","post","type-post","status-publish","format-standard","hentry","category-archiv-2016","category-veranstaltungen"],"_links":{"self":[{"href":"https:\/\/www.eutingen-lebt.de\/index.php?rest_route=\/wp\/v2\/posts\/455","targetHints":{"allow":["GET"]}}],"collection":[{"href":"https:\/\/www.eutingen-lebt.de\/index.php?rest_route=\/wp\/v2\/posts"}],"about":[{"href":"https:\/\/www.eutingen-lebt.de\/index.php?rest_route=\/wp\/v2\/types\/post"}],"author":[{"embeddable":true,"href":"https:\/\/www.eutingen-lebt.de\/index.php?rest_route=\/wp\/v2\/users\/3"}],"replies":[{"embeddable":true,"href":"https:\/\/www.eutingen-lebt.de\/index.php?rest_route=%2Fwp%2Fv2%2Fcomments&post=455"}],"version-history":[{"count":3,"href":"https:\/\/www.eutingen-lebt.de\/index.php?rest_route=\/wp\/v2\/posts\/455\/revisions"}],"predecessor-version":[{"id":652,"href":"https:\/\/www.eutingen-lebt.de\/index.php?rest_route=\/wp\/v2\/posts\/455\/revisions\/652"}],"wp:attachment":[{"href":"https:\/\/www.eutingen-lebt.de\/index.php?rest_route=%2Fwp%2Fv2%2Fmedia&parent=455"}],"wp:term":[{"taxonomy":"category","embeddable":true,"href":"https:\/\/www.eutingen-lebt.de\/index.php?rest_route=%2Fwp%2Fv2%2Fcategories&post=455"},{"taxonomy":"post_tag","embeddable":true,"href":"https:\/\/www.eutingen-lebt.de\/index.php?rest_route=%2Fwp%2Fv2%2Ftags&post=455"}],"curies":[{"name":"wp","href":"https:\/\/api.w.org\/{rel}","templated":true}]}}