{"id":493,"date":"2016-11-27T23:58:40","date_gmt":"2016-11-27T21:58:40","guid":{"rendered":"http:\/\/www.eutingen-lebt.de\/?p=493"},"modified":"2017-03-07T00:00:14","modified_gmt":"2017-03-06T22:00:14","slug":"die-entscheidung-in-unserem-fotowettbewerb-ist-gefallen","status":"publish","type":"post","link":"https:\/\/www.eutingen-lebt.de\/?p=493","title":{"rendered":"Die Entscheidung in unserem Fotowettbewerb ist gefallen"},"content":{"rendered":"<p>Spannung bis zuletzt gab es bei der Ausz\u00e4hlung der Abstimmung unseres Eutinger Fotowettbewerbs.<br \/>\n181 Besucher der Ausstellung \u201eKunst in Eutingen\u201c hatten die Gelegenheit genutzt, aus den 34 Wettbewerbsbeitr\u00e4gen ihre drei Lieblingsfotos auszuw\u00e4hlen \u2013 und am Ende gab es zwei Sieger: Uta Wettig und Pascal Holstein erhielten f\u00fcr ihre Motive (\u201eWinter an der Waag\u201c bzw. \u201eBoote auf der Enz\u201c) jeweils 37 Stimmen.<br \/>\nMit 33 Stimmen kam ein interessantes Motiv von Anja da Silva Teixeira (\u201cKirche in der Glaskugel\u201c) auf den dritten Platz.<br \/>\nDie weiteren 9 Fotos, aus denen gemeinsam mit den Siegerfotos der Kalender \u201eUnser Eutingen 2017\u201c hergestellt wurde, stammen ebenfalls von Uta Wettig und Pascal Holstein, sowie Rolf Vollmer, Diana Garbatzki, Manfred Zeschke, Mena K\u00e4lber und Brigitte Gegenheimer (alle Teilnehmer konnten ja mit bis zu drei Fotos am Wettbewerb teilnehmen).<br \/>\nDie Siegerehrung erfolgte im Rahmen der Er\u00f6ffnung des Eutinger Weihnachtsmarkts am vergangenen Samstag.<br \/>\nAb Montag, 28.11.2016 kann der Kalender, der aus den zw\u00f6lf bestplatzierten Photos in einer limitierten Auflage von 100 St\u00fcck hergestellt wurde, bei der Ortsverwaltung Eutingen f\u00fcr 10,- Euro k\u00e4uflich erworben werden. Der Erl\u00f6s kommt der F\u00f6rderung sozialer und kultureller Projekte durch unseren Verein zugute.<\/p>\n<div>\n<p>Ganz herzlich bedanken m\u00f6chten wir uns auch bei den Wettbewerbsteilnehmern, deren Motive leider nicht unter die &#8222;Top 12&#8220; gew\u00e4hlt wurden. Auch von diesen wurden durchweg tolle Photos eingereicht, die es genau so verdient h\u00e4tten, in unserem Kalender ver\u00f6ffentlicht zu werden.<\/p>\n<p>&nbsp;<\/p>\n<p><a href=\"https:\/\/www.eutingen-lebt.de\/wp-content\/uploads\/Bild-34_Uta-Wettig-02.jpg\"><img loading=\"lazy\" decoding=\"async\" class=\"aligncenter size-large wp-image-494\" alt=\"Bild 34_Uta Wettig 02\" src=\"https:\/\/www.eutingen-lebt.de\/wp-content\/uploads\/Bild-34_Uta-Wettig-02-1024x768.jpg\" width=\"700\" height=\"525\" srcset=\"https:\/\/www.eutingen-lebt.de\/wp-content\/uploads\/Bild-34_Uta-Wettig-02-1024x768.jpg 1024w, https:\/\/www.eutingen-lebt.de\/wp-content\/uploads\/Bild-34_Uta-Wettig-02-300x225.jpg 300w\" sizes=\"auto, (max-width: 700px) 100vw, 700px\" \/><\/a> <a href=\"https:\/\/www.eutingen-lebt.de\/wp-content\/uploads\/Bild-15_Pascal-Holstein-Eutingen-Boot.png\"><img loading=\"lazy\" decoding=\"async\" class=\"aligncenter size-large wp-image-495\" alt=\"Bild 15_Pascal Holstein Eutingen Boot\" src=\"https:\/\/www.eutingen-lebt.de\/wp-content\/uploads\/Bild-15_Pascal-Holstein-Eutingen-Boot-1024x682.png\" width=\"700\" height=\"466\" srcset=\"https:\/\/www.eutingen-lebt.de\/wp-content\/uploads\/Bild-15_Pascal-Holstein-Eutingen-Boot-1024x682.png 1024w, https:\/\/www.eutingen-lebt.de\/wp-content\/uploads\/Bild-15_Pascal-Holstein-Eutingen-Boot-300x200.png 300w, https:\/\/www.eutingen-lebt.de\/wp-content\/uploads\/Bild-15_Pascal-Holstein-Eutingen-Boot.png 1152w\" sizes=\"auto, (max-width: 700px) 100vw, 700px\" \/><\/a> <a href=\"https:\/\/www.eutingen-lebt.de\/wp-content\/uploads\/Bild-6_Anja-Teixeira-01.jpg\"><img loading=\"lazy\" decoding=\"async\" class=\"aligncenter size-large wp-image-496\" alt=\"Bild 6_Anja Teixeira 01\" src=\"https:\/\/www.eutingen-lebt.de\/wp-content\/uploads\/Bild-6_Anja-Teixeira-01-1024x682.jpg\" width=\"700\" height=\"466\" srcset=\"https:\/\/www.eutingen-lebt.de\/wp-content\/uploads\/Bild-6_Anja-Teixeira-01-1024x682.jpg 1024w, https:\/\/www.eutingen-lebt.de\/wp-content\/uploads\/Bild-6_Anja-Teixeira-01-300x200.jpg 300w, https:\/\/www.eutingen-lebt.de\/wp-content\/uploads\/Bild-6_Anja-Teixeira-01.jpg 1500w\" sizes=\"auto, (max-width: 700px) 100vw, 700px\" \/><\/a> <a href=\"https:\/\/www.eutingen-lebt.de\/wp-content\/uploads\/Bild-11_Brigitte-Gegenheimer-02.jpg\"><img loading=\"lazy\" decoding=\"async\" class=\"aligncenter size-large wp-image-497\" alt=\"Bild 11_Brigitte Gegenheimer 02\" src=\"https:\/\/www.eutingen-lebt.de\/wp-content\/uploads\/Bild-11_Brigitte-Gegenheimer-02-1024x768.jpg\" width=\"700\" height=\"525\" srcset=\"https:\/\/www.eutingen-lebt.de\/wp-content\/uploads\/Bild-11_Brigitte-Gegenheimer-02-1024x768.jpg 1024w, https:\/\/www.eutingen-lebt.de\/wp-content\/uploads\/Bild-11_Brigitte-Gegenheimer-02-300x224.jpg 300w\" sizes=\"auto, (max-width: 700px) 100vw, 700px\" \/><\/a> <a href=\"https:\/\/www.eutingen-lebt.de\/wp-content\/uploads\/Bild-12_Pascal-Holstein-Bruecke.png\"><img loading=\"lazy\" decoding=\"async\" class=\"aligncenter size-large wp-image-498\" alt=\"Bild 12_Pascal Holstein Bruecke\" src=\"https:\/\/www.eutingen-lebt.de\/wp-content\/uploads\/Bild-12_Pascal-Holstein-Bruecke-1024x682.png\" width=\"700\" height=\"466\" srcset=\"https:\/\/www.eutingen-lebt.de\/wp-content\/uploads\/Bild-12_Pascal-Holstein-Bruecke-1024x682.png 1024w, https:\/\/www.eutingen-lebt.de\/wp-content\/uploads\/Bild-12_Pascal-Holstein-Bruecke-300x200.png 300w, https:\/\/www.eutingen-lebt.de\/wp-content\/uploads\/Bild-12_Pascal-Holstein-Bruecke.png 1152w\" sizes=\"auto, (max-width: 700px) 100vw, 700px\" \/><\/a> <a href=\"https:\/\/www.eutingen-lebt.de\/wp-content\/uploads\/Bild-5_Manfred-Zeschke-Villa+Hauser+-+MZ.png\"><img loading=\"lazy\" decoding=\"async\" class=\"aligncenter size-large wp-image-499\" alt=\"Bild 5_Manfred Zeschke Villa+Hauser+-+MZ\" src=\"https:\/\/www.eutingen-lebt.de\/wp-content\/uploads\/Bild-5_Manfred-Zeschke-Villa+Hauser+-+MZ-1024x768.png\" width=\"700\" height=\"525\" srcset=\"https:\/\/www.eutingen-lebt.de\/wp-content\/uploads\/Bild-5_Manfred-Zeschke-Villa+Hauser+-+MZ-1024x768.png 1024w, https:\/\/www.eutingen-lebt.de\/wp-content\/uploads\/Bild-5_Manfred-Zeschke-Villa+Hauser+-+MZ-300x225.png 300w, https:\/\/www.eutingen-lebt.de\/wp-content\/uploads\/Bild-5_Manfred-Zeschke-Villa+Hauser+-+MZ.png 1152w\" sizes=\"auto, (max-width: 700px) 100vw, 700px\" \/><\/a> <a href=\"https:\/\/www.eutingen-lebt.de\/wp-content\/uploads\/Bild-27_Rolf-Vollmer-beim+Obsthof.png\"><img loading=\"lazy\" decoding=\"async\" class=\"aligncenter size-full wp-image-500\" alt=\"Bild 27_Rolf Vollmer beim+Obsthof\" src=\"https:\/\/www.eutingen-lebt.de\/wp-content\/uploads\/Bild-27_Rolf-Vollmer-beim+Obsthof.png\" width=\"635\" height=\"424\" srcset=\"https:\/\/www.eutingen-lebt.de\/wp-content\/uploads\/Bild-27_Rolf-Vollmer-beim+Obsthof.png 635w, https:\/\/www.eutingen-lebt.de\/wp-content\/uploads\/Bild-27_Rolf-Vollmer-beim+Obsthof-300x200.png 300w\" sizes=\"auto, (max-width: 635px) 100vw, 635px\" \/><\/a> <a href=\"https:\/\/www.eutingen-lebt.de\/wp-content\/uploads\/Bild-31_Diana-Garbatzki-03.png\"><img loading=\"lazy\" decoding=\"async\" class=\"aligncenter size-full wp-image-501\" alt=\"Bild 31_Diana Garbatzki 03\" src=\"https:\/\/www.eutingen-lebt.de\/wp-content\/uploads\/Bild-31_Diana-Garbatzki-03.png\" width=\"612\" height=\"344\" srcset=\"https:\/\/www.eutingen-lebt.de\/wp-content\/uploads\/Bild-31_Diana-Garbatzki-03.png 612w, https:\/\/www.eutingen-lebt.de\/wp-content\/uploads\/Bild-31_Diana-Garbatzki-03-300x168.png 300w\" sizes=\"auto, (max-width: 612px) 100vw, 612px\" \/><\/a> <a href=\"https:\/\/www.eutingen-lebt.de\/wp-content\/uploads\/Bild-16_Diana-Garbatzki-02.png\"><img loading=\"lazy\" decoding=\"async\" class=\"aligncenter size-full wp-image-502\" alt=\"Bild 16_Diana Garbatzki 02\" src=\"https:\/\/www.eutingen-lebt.de\/wp-content\/uploads\/Bild-16_Diana-Garbatzki-02.png\" width=\"612\" height=\"344\" srcset=\"https:\/\/www.eutingen-lebt.de\/wp-content\/uploads\/Bild-16_Diana-Garbatzki-02.png 612w, https:\/\/www.eutingen-lebt.de\/wp-content\/uploads\/Bild-16_Diana-Garbatzki-02-300x168.png 300w\" sizes=\"auto, (max-width: 612px) 100vw, 612px\" \/><\/a> <a href=\"https:\/\/www.eutingen-lebt.de\/wp-content\/uploads\/Bild-22_Rolf-Vollmer-Herbst-am-E-Werk.jpg\"><img loading=\"lazy\" decoding=\"async\" class=\"aligncenter size-large wp-image-506\" alt=\"Bild 22_Rolf Vollmer Herbst am E-Werk\" src=\"https:\/\/www.eutingen-lebt.de\/wp-content\/uploads\/Bild-22_Rolf-Vollmer-Herbst-am-E-Werk-1024x670.jpg\" width=\"700\" height=\"458\" srcset=\"https:\/\/www.eutingen-lebt.de\/wp-content\/uploads\/Bild-22_Rolf-Vollmer-Herbst-am-E-Werk-1024x670.jpg 1024w, https:\/\/www.eutingen-lebt.de\/wp-content\/uploads\/Bild-22_Rolf-Vollmer-Herbst-am-E-Werk-300x196.jpg 300w\" sizes=\"auto, (max-width: 700px) 100vw, 700px\" \/><\/a> <a href=\"https:\/\/www.eutingen-lebt.de\/wp-content\/uploads\/Bild-3_Karen_Kaelber03.png\"><img loading=\"lazy\" decoding=\"async\" class=\"aligncenter size-full wp-image-507\" alt=\"Bild 3_Karen_Kaelber03\" src=\"https:\/\/www.eutingen-lebt.de\/wp-content\/uploads\/Bild-3_Karen_Kaelber03.png\" width=\"576\" height=\"384\" srcset=\"https:\/\/www.eutingen-lebt.de\/wp-content\/uploads\/Bild-3_Karen_Kaelber03.png 576w, https:\/\/www.eutingen-lebt.de\/wp-content\/uploads\/Bild-3_Karen_Kaelber03-300x200.png 300w\" sizes=\"auto, (max-width: 576px) 100vw, 576px\" \/><\/a> <a href=\"https:\/\/www.eutingen-lebt.de\/wp-content\/uploads\/Bild-32_Uta-Wettig-01.jpg\"><img loading=\"lazy\" decoding=\"async\" class=\"aligncenter size-large wp-image-508\" alt=\"Bild 32_Uta Wettig 01\" src=\"https:\/\/www.eutingen-lebt.de\/wp-content\/uploads\/Bild-32_Uta-Wettig-01-1024x768.jpg\" width=\"700\" height=\"525\" srcset=\"https:\/\/www.eutingen-lebt.de\/wp-content\/uploads\/Bild-32_Uta-Wettig-01-1024x768.jpg 1024w, https:\/\/www.eutingen-lebt.de\/wp-content\/uploads\/Bild-32_Uta-Wettig-01-300x225.jpg 300w\" sizes=\"auto, (max-width: 700px) 100vw, 700px\" \/><\/a><\/p>\n<\/div>\n","protected":false},"excerpt":{"rendered":"<p>Spannung bis zuletzt gab es bei der Ausz\u00e4hlung der Abstimmung unseres Eutinger Fotowettbewerbs. 181 Besucher der Ausstellung \u201eKunst in Eutingen\u201c hatten die Gelegenheit genutzt, aus den 34 Wettbewerbsbeitr\u00e4gen ihre drei Lieblingsfotos auszuw\u00e4hlen \u2013 und am Ende gab es zwei Sieger:&hellip; <\/p>\n","protected":false},"author":3,"featured_media":0,"comment_status":"closed","ping_status":"open","sticky":false,"template":"","format":"standard","meta":{"footnotes":""},"categories":[9],"tags":[],"class_list":["post-493","post","type-post","status-publish","format-standard","hentry","category-archiv-2016"],"_links":{"self":[{"href":"https:\/\/www.eutingen-lebt.de\/index.php?rest_route=\/wp\/v2\/posts\/493","targetHints":{"allow":["GET"]}}],"collection":[{"href":"https:\/\/www.eutingen-lebt.de\/index.php?rest_route=\/wp\/v2\/posts"}],"about":[{"href":"https:\/\/www.eutingen-lebt.de\/index.php?rest_route=\/wp\/v2\/types\/post"}],"author":[{"embeddable":true,"href":"https:\/\/www.eutingen-lebt.de\/index.php?rest_route=\/wp\/v2\/users\/3"}],"replies":[{"embeddable":true,"href":"https:\/\/www.eutingen-lebt.de\/index.php?rest_route=%2Fwp%2Fv2%2Fcomments&post=493"}],"version-history":[{"count":3,"href":"https:\/\/www.eutingen-lebt.de\/index.php?rest_route=\/wp\/v2\/posts\/493\/revisions"}],"predecessor-version":[{"id":547,"href":"https:\/\/www.eutingen-lebt.de\/index.php?rest_route=\/wp\/v2\/posts\/493\/revisions\/547"}],"wp:attachment":[{"href":"https:\/\/www.eutingen-lebt.de\/index.php?rest_route=%2Fwp%2Fv2%2Fmedia&parent=493"}],"wp:term":[{"taxonomy":"category","embeddable":true,"href":"https:\/\/www.eutingen-lebt.de\/index.php?rest_route=%2Fwp%2Fv2%2Fcategories&post=493"},{"taxonomy":"post_tag","embeddable":true,"href":"https:\/\/www.eutingen-lebt.de\/index.php?rest_route=%2Fwp%2Fv2%2Ftags&post=493"}],"curies":[{"name":"wp","href":"https:\/\/api.w.org\/{rel}","templated":true}]}}