{"id":523,"date":"2017-02-16T09:54:56","date_gmt":"2017-02-16T07:54:56","guid":{"rendered":"http:\/\/www.eutingen-lebt.de\/?p=523"},"modified":"2019-04-22T07:37:42","modified_gmt":"2019-04-22T05:37:42","slug":"4-eutinger-musicalnacht","status":"publish","type":"post","link":"https:\/\/www.eutingen-lebt.de\/?p=523","title":{"rendered":"4. Eutinger Musicalnacht"},"content":{"rendered":"<p>Bereits zum vierten Mal fand am 28. und 20. Januar die \u201eEutinger Musicalnacht\u201c im Alten E-Werk statt. Und auch diesmal &nbsp;stellte Andrea M.Pagani seine F\u00e4higkeiten als Musicals\u00e4nger und Entertainer eindrucksvoll unter Beweis. Dabei spannte sich der musikalische Bogen von Klassikern wie \u201eSterne\u201c aus&nbsp; \u201eLes Miserables\u201c&nbsp; bis hin zu Titeln &nbsp;aus dem neuen Musical \u201eTitanic\u201c. Daneben begeisterte Pagani, der zu allen St\u00fccken pers\u00f6nliche Erinnerungen preisgab, mit \u201eOhrw\u00fcrmern\u201c wie \u201e\u00dcber den Wolken\u201c, bei dessen Refrain auch das Publikum mitsingen durfte.<\/p>\n<p>Mit Raya Sarontini stand ihm eine stimmgewaltige Partnerin zur Seite, die ihr K\u00f6nnen nicht nur mit Solost\u00fccken, u.a. \u201eIch geh\u00f6r\u2018 nur mir\u201c aus \u201eElisabeth\u201c, sondern auch bei teils gef\u00fchlvollen, teils witzigen &nbsp;Duetten wie \u201eWas Du kannst, das kann ich viel besser \u201c aus \u201eAnnie get your gun\u201c zum Ausdruck brachte und bei den Zuh\u00f6rern im ausverkauften Saal mit \u201eSomewhere\u201c aus der \u201eWest Side Story\u201c f\u00fcr G\u00e4nsehaut-Stimmung sorgte.<\/p>\n<p>Mit Holger Kr\u00f6ner stand bereits zum zweiten Mal auch ein Lokalmatador auf der B\u00fchne, der einzelne St\u00fccke gef\u00fchlvoll mit der Gitarre und der Mundharmonika begleitete.<\/p>\n<p>Den Abschluss des rund dreist\u00fcndigen Programms bildete das von allen drei K\u00fcnstlern einf\u00fchlsam vorgetragene \u201eHalleluja\u201c des im vergangenen Jahr verstorbenen S\u00e4ngers Leonard Cohen.<\/p>\n<p>Wir sind mit dem Erfolg der Veranstaltung, bei der die K\u00fcnstler am Sonntag sogar mit stehenden Ovationen gefeiert wurden, sehr zufrieden. Deshalb werden wir uns auf jeden Fall bem\u00fchen, die Reihe der \u201eEutinger Musicaln\u00e4chte\u201c auch in der Zukunft&nbsp; auf hohem Niveau fortzusetzen.<\/p>\n<p>&nbsp;<\/p>\n<p><a href=\"https:\/\/www.eutingen-lebt.de\/wp-content\/uploads\/DSCN1525.jpg\"><img loading=\"lazy\" decoding=\"async\" class=\"aligncenter size-large wp-image-524\" alt=\"DSCN1525\" src=\"https:\/\/www.eutingen-lebt.de\/wp-content\/uploads\/DSCN1525-1024x768.jpg\" width=\"700\" height=\"525\" srcset=\"https:\/\/www.eutingen-lebt.de\/wp-content\/uploads\/DSCN1525-1024x768.jpg 1024w, https:\/\/www.eutingen-lebt.de\/wp-content\/uploads\/DSCN1525-300x225.jpg 300w\" sizes=\"auto, (max-width: 700px) 100vw, 700px\" \/><\/a> <a href=\"https:\/\/www.eutingen-lebt.de\/wp-content\/uploads\/DSCN1527.jpg\"><img loading=\"lazy\" decoding=\"async\" class=\"aligncenter size-large wp-image-525\" alt=\"DSCN1527\" src=\"https:\/\/www.eutingen-lebt.de\/wp-content\/uploads\/DSCN1527-1024x768.jpg\" width=\"700\" height=\"525\" srcset=\"https:\/\/www.eutingen-lebt.de\/wp-content\/uploads\/DSCN1527-1024x768.jpg 1024w, https:\/\/www.eutingen-lebt.de\/wp-content\/uploads\/DSCN1527-300x225.jpg 300w\" sizes=\"auto, (max-width: 700px) 100vw, 700px\" \/><\/a> <a href=\"https:\/\/www.eutingen-lebt.de\/wp-content\/uploads\/DSCN1529.jpg\"><img loading=\"lazy\" decoding=\"async\" class=\"aligncenter size-large wp-image-526\" alt=\"DSCN1529\" src=\"https:\/\/www.eutingen-lebt.de\/wp-content\/uploads\/DSCN1529-768x1024.jpg\" width=\"700\" height=\"933\" srcset=\"https:\/\/www.eutingen-lebt.de\/wp-content\/uploads\/DSCN1529-768x1024.jpg 768w, https:\/\/www.eutingen-lebt.de\/wp-content\/uploads\/DSCN1529-225x300.jpg 225w\" sizes=\"auto, (max-width: 700px) 100vw, 700px\" \/><\/a> <a href=\"https:\/\/www.eutingen-lebt.de\/wp-content\/uploads\/DSCN1537.jpg\"><img loading=\"lazy\" decoding=\"async\" class=\"aligncenter size-large wp-image-527\" alt=\"DSCN1537\" src=\"https:\/\/www.eutingen-lebt.de\/wp-content\/uploads\/DSCN1537-1024x768.jpg\" width=\"700\" height=\"525\" srcset=\"https:\/\/www.eutingen-lebt.de\/wp-content\/uploads\/DSCN1537-1024x768.jpg 1024w, https:\/\/www.eutingen-lebt.de\/wp-content\/uploads\/DSCN1537-300x225.jpg 300w\" sizes=\"auto, (max-width: 700px) 100vw, 700px\" \/><\/a> <a href=\"https:\/\/www.eutingen-lebt.de\/wp-content\/uploads\/DSCN1540.jpg\"><img loading=\"lazy\" decoding=\"async\" class=\"aligncenter size-large wp-image-528\" alt=\"DSCN1540\" src=\"https:\/\/www.eutingen-lebt.de\/wp-content\/uploads\/DSCN1540-1024x768.jpg\" width=\"700\" height=\"525\" srcset=\"https:\/\/www.eutingen-lebt.de\/wp-content\/uploads\/DSCN1540-1024x768.jpg 1024w, https:\/\/www.eutingen-lebt.de\/wp-content\/uploads\/DSCN1540-300x225.jpg 300w\" sizes=\"auto, (max-width: 700px) 100vw, 700px\" \/><\/a> <a href=\"https:\/\/www.eutingen-lebt.de\/wp-content\/uploads\/DSCN1546.jpg\"><img loading=\"lazy\" decoding=\"async\" class=\"aligncenter size-large wp-image-529\" alt=\"DSCN1546\" src=\"https:\/\/www.eutingen-lebt.de\/wp-content\/uploads\/DSCN1546-1024x768.jpg\" width=\"700\" height=\"525\" srcset=\"https:\/\/www.eutingen-lebt.de\/wp-content\/uploads\/DSCN1546-1024x768.jpg 1024w, https:\/\/www.eutingen-lebt.de\/wp-content\/uploads\/DSCN1546-300x225.jpg 300w\" sizes=\"auto, (max-width: 700px) 100vw, 700px\" \/><\/a> <a href=\"https:\/\/www.eutingen-lebt.de\/wp-content\/uploads\/DSCN1548.jpg\"><img loading=\"lazy\" decoding=\"async\" class=\"aligncenter size-large wp-image-530\" alt=\"DSCN1548\" src=\"https:\/\/www.eutingen-lebt.de\/wp-content\/uploads\/DSCN1548-1024x768.jpg\" width=\"700\" height=\"525\" srcset=\"https:\/\/www.eutingen-lebt.de\/wp-content\/uploads\/DSCN1548-1024x768.jpg 1024w, https:\/\/www.eutingen-lebt.de\/wp-content\/uploads\/DSCN1548-300x225.jpg 300w\" sizes=\"auto, (max-width: 700px) 100vw, 700px\" \/><\/a> <a href=\"https:\/\/www.eutingen-lebt.de\/wp-content\/uploads\/DSCN1553.jpg\"><img loading=\"lazy\" decoding=\"async\" class=\"aligncenter size-large wp-image-531\" alt=\"DSCN1553\" src=\"https:\/\/www.eutingen-lebt.de\/wp-content\/uploads\/DSCN1553-1024x768.jpg\" width=\"700\" height=\"525\" srcset=\"https:\/\/www.eutingen-lebt.de\/wp-content\/uploads\/DSCN1553-1024x768.jpg 1024w, https:\/\/www.eutingen-lebt.de\/wp-content\/uploads\/DSCN1553-300x225.jpg 300w\" sizes=\"auto, (max-width: 700px) 100vw, 700px\" \/><\/a> <a href=\"https:\/\/www.eutingen-lebt.de\/wp-content\/uploads\/DSCN1564.jpg\"><img loading=\"lazy\" decoding=\"async\" class=\"aligncenter size-large wp-image-532\" alt=\"DSCN1564\" src=\"https:\/\/www.eutingen-lebt.de\/wp-content\/uploads\/DSCN1564-1024x768.jpg\" width=\"700\" height=\"525\" srcset=\"https:\/\/www.eutingen-lebt.de\/wp-content\/uploads\/DSCN1564-1024x768.jpg 1024w, https:\/\/www.eutingen-lebt.de\/wp-content\/uploads\/DSCN1564-300x225.jpg 300w\" sizes=\"auto, (max-width: 700px) 100vw, 700px\" \/><\/a> <a href=\"https:\/\/www.eutingen-lebt.de\/wp-content\/uploads\/DSCN1569.jpg\"><img loading=\"lazy\" decoding=\"async\" class=\"aligncenter size-large wp-image-533\" alt=\"DSCN1569\" src=\"https:\/\/www.eutingen-lebt.de\/wp-content\/uploads\/DSCN1569-1024x768.jpg\" width=\"700\" height=\"525\" srcset=\"https:\/\/www.eutingen-lebt.de\/wp-content\/uploads\/DSCN1569-1024x768.jpg 1024w, https:\/\/www.eutingen-lebt.de\/wp-content\/uploads\/DSCN1569-300x225.jpg 300w\" sizes=\"auto, (max-width: 700px) 100vw, 700px\" \/><\/a><\/p>\n","protected":false},"excerpt":{"rendered":"<p>Bereits zum vierten Mal fand am 28. und 20. Januar die \u201eEutinger Musicalnacht\u201c im Alten E-Werk statt. Und auch diesmal &nbsp;stellte Andrea M.Pagani seine F\u00e4higkeiten als Musicals\u00e4nger und Entertainer eindrucksvoll unter Beweis. Dabei spannte sich der musikalische Bogen von Klassikern&hellip; <\/p>\n","protected":false},"author":3,"featured_media":0,"comment_status":"closed","ping_status":"open","sticky":false,"template":"","format":"standard","meta":{"footnotes":""},"categories":[10,4],"tags":[],"class_list":["post-523","post","type-post","status-publish","format-standard","hentry","category-archiv-2017","category-veranstaltungen"],"_links":{"self":[{"href":"https:\/\/www.eutingen-lebt.de\/index.php?rest_route=\/wp\/v2\/posts\/523","targetHints":{"allow":["GET"]}}],"collection":[{"href":"https:\/\/www.eutingen-lebt.de\/index.php?rest_route=\/wp\/v2\/posts"}],"about":[{"href":"https:\/\/www.eutingen-lebt.de\/index.php?rest_route=\/wp\/v2\/types\/post"}],"author":[{"embeddable":true,"href":"https:\/\/www.eutingen-lebt.de\/index.php?rest_route=\/wp\/v2\/users\/3"}],"replies":[{"embeddable":true,"href":"https:\/\/www.eutingen-lebt.de\/index.php?rest_route=%2Fwp%2Fv2%2Fcomments&post=523"}],"version-history":[{"count":3,"href":"https:\/\/www.eutingen-lebt.de\/index.php?rest_route=\/wp\/v2\/posts\/523\/revisions"}],"predecessor-version":[{"id":650,"href":"https:\/\/www.eutingen-lebt.de\/index.php?rest_route=\/wp\/v2\/posts\/523\/revisions\/650"}],"wp:attachment":[{"href":"https:\/\/www.eutingen-lebt.de\/index.php?rest_route=%2Fwp%2Fv2%2Fmedia&parent=523"}],"wp:term":[{"taxonomy":"category","embeddable":true,"href":"https:\/\/www.eutingen-lebt.de\/index.php?rest_route=%2Fwp%2Fv2%2Fcategories&post=523"},{"taxonomy":"post_tag","embeddable":true,"href":"https:\/\/www.eutingen-lebt.de\/index.php?rest_route=%2Fwp%2Fv2%2Ftags&post=523"}],"curies":[{"name":"wp","href":"https:\/\/api.w.org\/{rel}","templated":true}]}}