{"id":587,"date":"2018-01-26T17:13:44","date_gmt":"2018-01-26T15:13:44","guid":{"rendered":"http:\/\/www.eutingen-lebt.de\/?p=587"},"modified":"2019-04-09T20:41:11","modified_gmt":"2019-04-09T18:41:11","slug":"5-eutinger-muicalnacht","status":"publish","type":"post","link":"https:\/\/www.eutingen-lebt.de\/?p=587","title":{"rendered":"5. Eutinger Muicalnacht"},"content":{"rendered":"<p><a href=\"https:\/\/www.eutingen-lebt.de\/wp-content\/uploads\/Plakat-MN5.jpg\"><img loading=\"lazy\" decoding=\"async\" class=\"aligncenter size-full wp-image-596\" src=\"https:\/\/www.eutingen-lebt.de\/wp-content\/uploads\/Plakat-MN5.jpg\" alt=\"Plakat MN5\" width=\"619\" height=\"856\" srcset=\"https:\/\/www.eutingen-lebt.de\/wp-content\/uploads\/Plakat-MN5.jpg 619w, https:\/\/www.eutingen-lebt.de\/wp-content\/uploads\/Plakat-MN5-216x300.jpg 216w\" sizes=\"auto, (max-width: 619px) 100vw, 619px\" \/><\/a><\/p>\n<p>Bald ist es wieder soweit: Am 3. und 4.Februar veranstalten der Verein \u201eEutingen lebt -EULE- e.V.\u201c und die Ortsverwaltung bereits zum f\u00fcnften Mal die \u201eEutinger Musicalnacht\u201c im Alten E-Werk, Georg-Feuerstein-Str. 2.<br \/>\nDer weit \u00fcber Pforzheim hinaus beliebte K\u00fcnstler Andrea M. Pagani pr\u00e4sentiert in seiner unnachahmlichen Art wieder beliebte Melodien, die er in unterhaltsamer Weise mit pers\u00f6nlichen Geschichten verbindet.<br \/>\nMit Bruno Grassini wurde diesmal ein ebenso stimmgewaltiger m\u00e4nnlicher Gaststar eingeladen. Karten f\u00fcr beide Konzerte (Samstag, 3. Februar, 19:30 Uhr und Sonntag, 4. Februar) gibt es ab sofort bei der Ortsverwaltung Eutingen (16,- \u20ac, erm\u00e4\u00dfigt 12,- \u20ac)<\/p>\n","protected":false},"excerpt":{"rendered":"<p>Bald ist es wieder soweit: Am 3. und 4.Februar veranstalten der Verein \u201eEutingen lebt -EULE- e.V.\u201c und die Ortsverwaltung bereits zum f\u00fcnften Mal die \u201eEutinger Musicalnacht\u201c im Alten E-Werk, Georg-Feuerstein-Str. 2. Der weit \u00fcber Pforzheim hinaus beliebte K\u00fcnstler Andrea M.&hellip; <\/p>\n","protected":false},"author":3,"featured_media":0,"comment_status":"closed","ping_status":"open","sticky":false,"template":"","format":"standard","meta":{"footnotes":""},"categories":[11],"tags":[],"class_list":["post-587","post","type-post","status-publish","format-standard","hentry","category-archiv-2018"],"_links":{"self":[{"href":"https:\/\/www.eutingen-lebt.de\/index.php?rest_route=\/wp\/v2\/posts\/587","targetHints":{"allow":["GET"]}}],"collection":[{"href":"https:\/\/www.eutingen-lebt.de\/index.php?rest_route=\/wp\/v2\/posts"}],"about":[{"href":"https:\/\/www.eutingen-lebt.de\/index.php?rest_route=\/wp\/v2\/types\/post"}],"author":[{"embeddable":true,"href":"https:\/\/www.eutingen-lebt.de\/index.php?rest_route=\/wp\/v2\/users\/3"}],"replies":[{"embeddable":true,"href":"https:\/\/www.eutingen-lebt.de\/index.php?rest_route=%2Fwp%2Fv2%2Fcomments&post=587"}],"version-history":[{"count":8,"href":"https:\/\/www.eutingen-lebt.de\/index.php?rest_route=\/wp\/v2\/posts\/587\/revisions"}],"predecessor-version":[{"id":637,"href":"https:\/\/www.eutingen-lebt.de\/index.php?rest_route=\/wp\/v2\/posts\/587\/revisions\/637"}],"wp:attachment":[{"href":"https:\/\/www.eutingen-lebt.de\/index.php?rest_route=%2Fwp%2Fv2%2Fmedia&parent=587"}],"wp:term":[{"taxonomy":"category","embeddable":true,"href":"https:\/\/www.eutingen-lebt.de\/index.php?rest_route=%2Fwp%2Fv2%2Fcategories&post=587"},{"taxonomy":"post_tag","embeddable":true,"href":"https:\/\/www.eutingen-lebt.de\/index.php?rest_route=%2Fwp%2Fv2%2Ftags&post=587"}],"curies":[{"name":"wp","href":"https:\/\/api.w.org\/{rel}","templated":true}]}}