{"id":603,"date":"2018-05-01T10:01:10","date_gmt":"2018-05-01T08:01:10","guid":{"rendered":"http:\/\/www.eutingen-lebt.de\/?p=603"},"modified":"2019-01-26T15:53:14","modified_gmt":"2019-01-26T13:53:14","slug":"eutinger-fotowettbewerb-2018","status":"publish","type":"post","link":"https:\/\/www.eutingen-lebt.de\/?p=603","title":{"rendered":"Eutinger Fotowettbewerb 2018"},"content":{"rendered":"<p>Auch in diesem Jahr veranstalten der Verein \u201eEutingen lebt -Eule- e.V. und die Ortsverwaltung den Fotowettbewerb \u201eUnser Eutingen\u201c. Teilnehmen kann jeder Hobbyfotograf, der das 14. Lebensjahr vollendet hat. Von der Teilnahme ausgeschlossen sind professionelle Fotografen.<br \/>\n\u00dcber fotowettbewerb@eutingen-lebt.de k\u00f6nnen Motive rund um das Thema \u201eUnser Eutingen\u201c eingereicht werden. Jeder Teilnehmer darf mit max. 3 Fotos zum Wettbewerb beitragen. Einsendeschluss ist der 30. September 2018.<br \/>\nDie eingereichten Fotos werden sodann zun\u00e4chst von einer Jury, bestehend aus Mitgliedern des Vereins \u201eEutingen lebt\u201c e.V. und der Ortsverwaltung Eutingen bewertet.<br \/>\nAnschlie\u00dfend werden die besten (max. 50) Fotos im Rahmen der Eutinger Kunstausstellung im Alten E-Werk pr\u00e4sentiert.<br \/>\nDort k\u00f6nnen die Besucher der Ausstellung die Fotos mit ausliegenden Stimmzetteln bewerten. Au\u00dferdem soll diesmal auch eine Bewertung der Fotos \u00fcber das Internet erm\u00f6glicht werden.<br \/>\nDie Einsender der drei Siegerfotos erhalten Sachpreise.<br \/>\nAu\u00dferdem wird mit den 12 am besten bewerteten Fotos ein Kalender \u201eUnser Eutingen 2018\u201c hergestellt, den die jeweiligen Einsender kostenlos erhalten.<br \/>\nDie detaillierten Teilnahmebedingungen liegen bei der Ortsverwaltung Eutingen aus und sind auch im Anhang nachzulesen.<br \/>\nWir hoffen auf eine rege Teilnahme seitens der gesamten Einwohnerschaft.<\/p>\n<p><a href=\"https:\/\/www.eutingen-lebt.de\/wp-content\/uploads\/Teilnahmebedingungen-Fotowettbewerb-Unser-Eutingen-2018.pdf\">Teilnahmebedingungen Fotowettbewerb Unser Eutingen 2018<\/a><\/p>\n","protected":false},"excerpt":{"rendered":"<p>Auch in diesem Jahr veranstalten der Verein \u201eEutingen lebt -Eule- e.V. und die Ortsverwaltung den Fotowettbewerb \u201eUnser Eutingen\u201c. Teilnehmen kann jeder Hobbyfotograf, der das 14. Lebensjahr vollendet hat. Von der Teilnahme ausgeschlossen sind professionelle Fotografen. \u00dcber fotowettbewerb@eutingen-lebt.de k\u00f6nnen Motive rund&hellip; <\/p>\n","protected":false},"author":3,"featured_media":0,"comment_status":"closed","ping_status":"open","sticky":false,"template":"","format":"standard","meta":{"footnotes":""},"categories":[11],"tags":[],"class_list":["post-603","post","type-post","status-publish","format-standard","hentry","category-archiv-2018"],"_links":{"self":[{"href":"https:\/\/www.eutingen-lebt.de\/index.php?rest_route=\/wp\/v2\/posts\/603","targetHints":{"allow":["GET"]}}],"collection":[{"href":"https:\/\/www.eutingen-lebt.de\/index.php?rest_route=\/wp\/v2\/posts"}],"about":[{"href":"https:\/\/www.eutingen-lebt.de\/index.php?rest_route=\/wp\/v2\/types\/post"}],"author":[{"embeddable":true,"href":"https:\/\/www.eutingen-lebt.de\/index.php?rest_route=\/wp\/v2\/users\/3"}],"replies":[{"embeddable":true,"href":"https:\/\/www.eutingen-lebt.de\/index.php?rest_route=%2Fwp%2Fv2%2Fcomments&post=603"}],"version-history":[{"count":3,"href":"https:\/\/www.eutingen-lebt.de\/index.php?rest_route=\/wp\/v2\/posts\/603\/revisions"}],"predecessor-version":[{"id":607,"href":"https:\/\/www.eutingen-lebt.de\/index.php?rest_route=\/wp\/v2\/posts\/603\/revisions\/607"}],"wp:attachment":[{"href":"https:\/\/www.eutingen-lebt.de\/index.php?rest_route=%2Fwp%2Fv2%2Fmedia&parent=603"}],"wp:term":[{"taxonomy":"category","embeddable":true,"href":"https:\/\/www.eutingen-lebt.de\/index.php?rest_route=%2Fwp%2Fv2%2Fcategories&post=603"},{"taxonomy":"post_tag","embeddable":true,"href":"https:\/\/www.eutingen-lebt.de\/index.php?rest_route=%2Fwp%2Fv2%2Ftags&post=603"}],"curies":[{"name":"wp","href":"https:\/\/api.w.org\/{rel}","templated":true}]}}