{"id":608,"date":"2018-07-27T06:56:23","date_gmt":"2018-07-27T04:56:23","guid":{"rendered":"http:\/\/www.eutingen-lebt.de\/?p=608"},"modified":"2019-01-26T16:05:26","modified_gmt":"2019-01-26T14:05:26","slug":"eutinger-inselfest-2018","status":"publish","type":"post","link":"https:\/\/www.eutingen-lebt.de\/?p=608","title":{"rendered":"Eutinger Inselfest 2018"},"content":{"rendered":"<p>Am 28. und 29. Juli veranstalten viele Eutinger Vereine das freudig erwartete (dritte) Sommerfest \u201eauf der Insel\u201c zwischen der Karl-Friedrich-Schule und dem Mehrzweckgeb\u00e4ude (Feuerwehrhaus). Der Eintritt ist an beiden Tagen frei.<br \/>\nZum Auftakt des diesj\u00e4hrigen Inselfests wird es auf der Enz die 2. Eutinger Meisterschaft im Badewannenrennen geben. Sie findet am Samstag, 28. Juli, von ca. 14:15 bis ca. 17:00 Uhr im Bereich des Waagstegs statt. Zuvor wird Ortsvorsteher Helge Hutmacher das Fest um 14:00 Uhr auf dem Festplatz offiziell er\u00f6ffnen.<br \/>\nGegen 17:15 Uhr findet auf dem Festgel\u00e4nde die Siegerehrung des Badewannenrennens statt und um 18:00 Uhr legt die beliebte Tanz- und Showband \u201eYvolution\u201c mit ihrem Abendprogramm los. Die Vereine sorgen auch w\u00e4hrenddessen mit ausgefallenen, aber auch bodenst\u00e4ndigen Speisen und Getr\u00e4nken f\u00fcr das leibliche Wohl. Festausklang am Samstag ist ab 23:00 Uhr<br \/>\nAm Sonntag wird das Fest um 10:30 Uhr mit einem \u00f6kumenischen Gottesdienst unter Mitwirkung der Gruppe &#8222;KlangZart&#8220; fortgesetzt. Anschlie\u00dfend (ab ca. 11:30 Uhr) laden dann die Vereine zum Fr\u00fchschoppen bzw. Mittagessen ein. Ab 14:00 bis ca. 17:30 Uhr sorgen dann verschiedene Gruppen aus Eutinger Vereinen f\u00fcr die Unterhaltung der Festbesucher. Bereit stehen u.a. der Turnverein Eutingen, der Chor &#8222;Contrast 21&#8220;, der Musikverein Eutingen und der Spielmannszug der Feuerwehr. Au\u00dferdem haben der CVJM Eutingen und der Media-Shuttle-Bus der Stadtbibliothek Pforzheim einige interessante Freizeitangebote f\u00fcr die jungen Festbesucher geplant.<br \/>\nDas Inselfest endet am Sonntag um 18:00 Uhr.<br \/>\nDie teilnehmenden Vereine und wir hoffen auch in diesem Jahr auf tolles Wetter und viele gutgelaunte Festbesucher.<\/p>\n<p><a href=\"https:\/\/www.eutingen-lebt.de\/wp-content\/uploads\/Plakat.jpg\"><img loading=\"lazy\" decoding=\"async\" src=\"https:\/\/www.eutingen-lebt.de\/wp-content\/uploads\/Plakat.jpg\" alt=\"Plakat\" width=\"608\" height=\"854\" class=\"aligncenter size-full wp-image-609\" srcset=\"https:\/\/www.eutingen-lebt.de\/wp-content\/uploads\/Plakat.jpg 608w, https:\/\/www.eutingen-lebt.de\/wp-content\/uploads\/Plakat-213x300.jpg 213w\" sizes=\"auto, (max-width: 608px) 100vw, 608px\" \/><\/a><br \/>\n<a href=\"https:\/\/www.eutingen-lebt.de\/wp-content\/uploads\/Flyer_2018-2.pdf\">Flyer_2018-2<\/a><\/p>\n","protected":false},"excerpt":{"rendered":"<p>Am 28. und 29. Juli veranstalten viele Eutinger Vereine das freudig erwartete (dritte) Sommerfest \u201eauf der Insel\u201c zwischen der Karl-Friedrich-Schule und dem Mehrzweckgeb\u00e4ude (Feuerwehrhaus). Der Eintritt ist an beiden Tagen frei. Zum Auftakt des diesj\u00e4hrigen Inselfests wird es auf der&hellip; <\/p>\n","protected":false},"author":3,"featured_media":0,"comment_status":"closed","ping_status":"open","sticky":false,"template":"","format":"standard","meta":{"footnotes":""},"categories":[11,4],"tags":[],"class_list":["post-608","post","type-post","status-publish","format-standard","hentry","category-archiv-2018","category-veranstaltungen"],"_links":{"self":[{"href":"https:\/\/www.eutingen-lebt.de\/index.php?rest_route=\/wp\/v2\/posts\/608","targetHints":{"allow":["GET"]}}],"collection":[{"href":"https:\/\/www.eutingen-lebt.de\/index.php?rest_route=\/wp\/v2\/posts"}],"about":[{"href":"https:\/\/www.eutingen-lebt.de\/index.php?rest_route=\/wp\/v2\/types\/post"}],"author":[{"embeddable":true,"href":"https:\/\/www.eutingen-lebt.de\/index.php?rest_route=\/wp\/v2\/users\/3"}],"replies":[{"embeddable":true,"href":"https:\/\/www.eutingen-lebt.de\/index.php?rest_route=%2Fwp%2Fv2%2Fcomments&post=608"}],"version-history":[{"count":2,"href":"https:\/\/www.eutingen-lebt.de\/index.php?rest_route=\/wp\/v2\/posts\/608\/revisions"}],"predecessor-version":[{"id":612,"href":"https:\/\/www.eutingen-lebt.de\/index.php?rest_route=\/wp\/v2\/posts\/608\/revisions\/612"}],"wp:attachment":[{"href":"https:\/\/www.eutingen-lebt.de\/index.php?rest_route=%2Fwp%2Fv2%2Fmedia&parent=608"}],"wp:term":[{"taxonomy":"category","embeddable":true,"href":"https:\/\/www.eutingen-lebt.de\/index.php?rest_route=%2Fwp%2Fv2%2Fcategories&post=608"},{"taxonomy":"post_tag","embeddable":true,"href":"https:\/\/www.eutingen-lebt.de\/index.php?rest_route=%2Fwp%2Fv2%2Ftags&post=608"}],"curies":[{"name":"wp","href":"https:\/\/api.w.org\/{rel}","templated":true}]}}