{"id":629,"date":"2019-01-26T16:03:22","date_gmt":"2019-01-26T14:03:22","guid":{"rendered":"http:\/\/www.eutingen-lebt.de\/?p=629"},"modified":"2019-04-22T07:34:22","modified_gmt":"2019-04-22T05:34:22","slug":"6-eutinger-musicalnacht","status":"publish","type":"post","link":"https:\/\/www.eutingen-lebt.de\/?p=629","title":{"rendered":"6. Eutinger Musicalnacht"},"content":{"rendered":"<p>Es ist soweit: Am 9. und 10. Februar veranstalten der Verein \u201eEutingen lebt -EULE- e.V.\u201c  und die Ortsverwaltung bereits zum sechsten Mal die \u201eEutinger Musicalnacht\u201c im Alten E-Werk, Georg-Feuerstein-Str. 2.<br \/>\nDer weit \u00fcber Pforzheim hinaus beliebte K\u00fcnstler Andrea M. Pagani pr\u00e4sentiert in seiner unnachahmlichen Art wieder beliebte Melodien, die er in unterhaltsamer Weise mit pers\u00f6nlichen Geschichten verbindet.<br \/>\nDabei werden unter anderem St\u00fccke aus \u201eK\u00f6nig der L\u00f6wen\u201c, \u201eTanz der Vampire\u201c und  \u201eMary Poppins\u201c  zu h\u00f6ren sein.<br \/>\nAbgerundet wird das  Programm mit bekannten Titeln von Udo J\u00fcrgens, Michael Jackson, Hildegard Knef u.a.<br \/>\nMit Salome Tendies  wurde diesmal eine hochkar\u00e4tige Partnerin aus der Region   eingeladen.<br \/>\nBeide werden ihre musikalischen Beitr\u00e4ge \u201elive\u201c mit dem E-Piano begleiten.<br \/>\nNeben den musikalischen Leckerbissen gibt es am Samstag f\u00fcr hungrige G\u00e4ste als Pausen-Snack erstmals Laugenstangen mit Butter oder Leberwurst.<br \/>\nDie Vorstellung am Samstag ist bereits restlos ausverkauft, f\u00fcr  Sonntag, 10. Februar, 15:00 Uhr, gibt es voraussichtlich noch Karten an der Tageskasse (17,- \u20ac, erm\u00e4\u00dfigt 15,- \u20ac) \u2013 oder sichern Sie sich Ihr Ticket noch bis Freitag bei der Ortsverwaltung !<\/p>\n<p>&#8211;<br \/>\n<a href=\"https:\/\/www.eutingen-lebt.de\/wp-content\/uploads\/Plakat-Musicalnacht-2019.pdf\">Plakat Musicalnacht 2019<\/a><\/p>\n","protected":false},"excerpt":{"rendered":"<p>Es ist soweit: Am 9. und 10. Februar veranstalten der Verein \u201eEutingen lebt -EULE- e.V.\u201c und die Ortsverwaltung bereits zum sechsten Mal die \u201eEutinger Musicalnacht\u201c im Alten E-Werk, Georg-Feuerstein-Str. 2. Der weit \u00fcber Pforzheim hinaus beliebte K\u00fcnstler Andrea M. Pagani&hellip; <\/p>\n","protected":false},"author":3,"featured_media":0,"comment_status":"closed","ping_status":"open","sticky":false,"template":"","format":"standard","meta":{"footnotes":""},"categories":[13],"tags":[],"class_list":["post-629","post","type-post","status-publish","format-standard","hentry","category-archiv-2019-veranstaltungen"],"_links":{"self":[{"href":"https:\/\/www.eutingen-lebt.de\/index.php?rest_route=\/wp\/v2\/posts\/629","targetHints":{"allow":["GET"]}}],"collection":[{"href":"https:\/\/www.eutingen-lebt.de\/index.php?rest_route=\/wp\/v2\/posts"}],"about":[{"href":"https:\/\/www.eutingen-lebt.de\/index.php?rest_route=\/wp\/v2\/types\/post"}],"author":[{"embeddable":true,"href":"https:\/\/www.eutingen-lebt.de\/index.php?rest_route=\/wp\/v2\/users\/3"}],"replies":[{"embeddable":true,"href":"https:\/\/www.eutingen-lebt.de\/index.php?rest_route=%2Fwp%2Fv2%2Fcomments&post=629"}],"version-history":[{"count":3,"href":"https:\/\/www.eutingen-lebt.de\/index.php?rest_route=\/wp\/v2\/posts\/629\/revisions"}],"predecessor-version":[{"id":646,"href":"https:\/\/www.eutingen-lebt.de\/index.php?rest_route=\/wp\/v2\/posts\/629\/revisions\/646"}],"wp:attachment":[{"href":"https:\/\/www.eutingen-lebt.de\/index.php?rest_route=%2Fwp%2Fv2%2Fmedia&parent=629"}],"wp:term":[{"taxonomy":"category","embeddable":true,"href":"https:\/\/www.eutingen-lebt.de\/index.php?rest_route=%2Fwp%2Fv2%2Fcategories&post=629"},{"taxonomy":"post_tag","embeddable":true,"href":"https:\/\/www.eutingen-lebt.de\/index.php?rest_route=%2Fwp%2Fv2%2Ftags&post=629"}],"curies":[{"name":"wp","href":"https:\/\/api.w.org\/{rel}","templated":true}]}}