{"id":657,"date":"2019-05-26T11:31:36","date_gmt":"2019-05-26T09:31:36","guid":{"rendered":"http:\/\/www.eutingen-lebt.de\/?p=657"},"modified":"2019-05-26T11:31:37","modified_gmt":"2019-05-26T09:31:37","slug":"klassik-trifft-musical-2","status":"publish","type":"post","link":"https:\/\/www.eutingen-lebt.de\/?p=657","title":{"rendered":"&#8222;Klassik trifft Musical&#8220;"},"content":{"rendered":"\n<p> Am 11. Mai haben wir erstmals ein Konzert unter dem Motto \u201eKlassik trifft Musical\u201c veranstaltet. Dabei wurde den Besuchern in den \u2013zu unserer Freude \u2013 nahezu voll besetzten Stuhlreihen der Evangelischen Kirche ein \u00e4u\u00dferst abwechslungsreiches Programm geboten. &nbsp;Das \u201eDuetto Classico\u201c, Evelina Bott und Monika Erol, hatte dabei f\u00fcr den ersten Teil \u00fcberwiegend bekannte Titel aus Oper und Operette, wie z.B. Solveigs Lied (\u201ePeer Gynt\u201c) oder die Barcarole aus \u201eHoffmanns Erz\u00e4hlungen\u201c ausgew\u00e4hlt, die als Solo oder Duett vorgetragen wurden. Dabei wurden sie bei einzelnen Titeln von Natascha Stelzer am E-Piano begleitet, bei den St\u00fccken mit Playback sorgte J\u00fcrgen Schilling am Mischpult stets f\u00fcr den \u201eguten Ton\u201c. <br> Nach der Pause stand das Programm dann ganz unter dem Motto \u201eMusical\u201c. Hier pr\u00e4sentierten Evelina Bott und Monika Erol \u2013 im jeweils passenden Outfit \u2013 Klassiker wie \u201eIch geh\u00f6r\u2018 nur mir\u201c aus dem Musical \u201eElisabeth\u201c oder \u201eTotale Finsternis\u201c aus dem \u201eTanz der Vampire\u201c. <br> Unterst\u00fctzt wurden die beiden dabei von der jungen K\u00fcnstlerin Ariane Berzel, die u.a. mit dem Titel \u201eMemory\u201c daran erinnerte, wie mit der deutschen Urauff\u00fchrung von \u201eCats\u201c im April 1986 der Startschuss f\u00fcr einen bis heute anhaltenden Musical-Boom in Deutschland fiel. <br> Au\u00dferdem pr\u00e4sentierte sie mit viel Leidenschaft den Titel \u201eNever enough\u201c aus dem preisgekr\u00f6nten Film-Musical \u201eThe Greatest Showman\u201c. <br> Nach weiteren Titeln, wie \u201eI will always love you\u201c (aus \u201eBodyguard\u201c) und \u201eAmerican Woman\u201c (\u201eRebecca\u201c),&nbsp;die vom \u201eDuetto Classico\u201c perfekt vorgetragen wurden, war das \u00fcber zweist\u00fcndige Konzert, in dem die Zeit wie im Flug vergangen war, eigentlich zu Ende. <br> Den lautstarken Rufen des begeisterten Publikums nach Zugaben kamen die S\u00e4ngerinnen allerdings gerne nach. Dabei zeigte sich zun\u00e4chst Ariane Berzel mit Schuberts \u201eAve Maria\u201c von einer ganz anderen musikalischen Seite und sorgte mit ihrem ber\u00fchrenden Vortrag f\u00fcr einen weiteren H\u00f6hepunkt des Abends. <br> Mit Rossinis \u201eKatzenduett\u201c lie\u00dfen Evelina Bott und Monika Erol das Konzert dann in heiterer Weise ausklingen. <br> <br><br><\/p>\n\n\n\n<figure class=\"wp-block-image\"><img loading=\"lazy\" decoding=\"async\" width=\"1024\" height=\"683\" src=\"https:\/\/www.eutingen-lebt.de\/wp-content\/uploads\/Evelina-1024x683.jpg\" alt=\"\" class=\"wp-image-663\" srcset=\"https:\/\/www.eutingen-lebt.de\/wp-content\/uploads\/Evelina-1024x683.jpg 1024w, https:\/\/www.eutingen-lebt.de\/wp-content\/uploads\/Evelina-300x200.jpg 300w, https:\/\/www.eutingen-lebt.de\/wp-content\/uploads\/Evelina-768x512.jpg 768w\" sizes=\"auto, (max-width: 1024px) 100vw, 1024px\" \/><\/figure>\n\n\n\n<figure class=\"wp-block-image\"><img loading=\"lazy\" decoding=\"async\" width=\"1024\" height=\"768\" src=\"https:\/\/www.eutingen-lebt.de\/wp-content\/uploads\/Duetto-Vampir-1024x768.jpg\" alt=\"\" class=\"wp-image-661\" srcset=\"https:\/\/www.eutingen-lebt.de\/wp-content\/uploads\/Duetto-Vampir-1024x768.jpg 1024w, https:\/\/www.eutingen-lebt.de\/wp-content\/uploads\/Duetto-Vampir-300x225.jpg 300w, https:\/\/www.eutingen-lebt.de\/wp-content\/uploads\/Duetto-Vampir-768x576.jpg 768w, https:\/\/www.eutingen-lebt.de\/wp-content\/uploads\/Duetto-Vampir.jpg 2016w\" sizes=\"auto, (max-width: 1024px) 100vw, 1024px\" \/><\/figure>\n\n\n\n<figure class=\"wp-block-image\"><img loading=\"lazy\" decoding=\"async\" width=\"1024\" height=\"683\" src=\"https:\/\/www.eutingen-lebt.de\/wp-content\/uploads\/Duetto_Piano02-1024x683.jpg\" alt=\"\" class=\"wp-image-662\" srcset=\"https:\/\/www.eutingen-lebt.de\/wp-content\/uploads\/Duetto_Piano02-1024x683.jpg 1024w, https:\/\/www.eutingen-lebt.de\/wp-content\/uploads\/Duetto_Piano02-300x200.jpg 300w, https:\/\/www.eutingen-lebt.de\/wp-content\/uploads\/Duetto_Piano02-768x512.jpg 768w\" sizes=\"auto, (max-width: 1024px) 100vw, 1024px\" \/><\/figure>\n\n\n\n<figure class=\"wp-block-image\"><img loading=\"lazy\" decoding=\"async\" width=\"1024\" height=\"768\" src=\"https:\/\/www.eutingen-lebt.de\/wp-content\/uploads\/Ariane01-1024x768.jpg\" alt=\"\" class=\"wp-image-659\" srcset=\"https:\/\/www.eutingen-lebt.de\/wp-content\/uploads\/Ariane01-1024x768.jpg 1024w, https:\/\/www.eutingen-lebt.de\/wp-content\/uploads\/Ariane01-300x225.jpg 300w, https:\/\/www.eutingen-lebt.de\/wp-content\/uploads\/Ariane01-768x576.jpg 768w, https:\/\/www.eutingen-lebt.de\/wp-content\/uploads\/Ariane01.jpg 2016w\" sizes=\"auto, (max-width: 1024px) 100vw, 1024px\" \/><\/figure>\n\n\n\n<figure class=\"wp-block-image\"><img loading=\"lazy\" decoding=\"async\" width=\"1024\" height=\"683\" src=\"https:\/\/www.eutingen-lebt.de\/wp-content\/uploads\/Ariane02-1024x683.jpg\" alt=\"\" class=\"wp-image-660\" srcset=\"https:\/\/www.eutingen-lebt.de\/wp-content\/uploads\/Ariane02-1024x683.jpg 1024w, https:\/\/www.eutingen-lebt.de\/wp-content\/uploads\/Ariane02-300x200.jpg 300w, https:\/\/www.eutingen-lebt.de\/wp-content\/uploads\/Ariane02-768x512.jpg 768w\" sizes=\"auto, (max-width: 1024px) 100vw, 1024px\" \/><\/figure>\n\n\n\n<figure class=\"wp-block-image\"><img loading=\"lazy\" decoding=\"async\" width=\"1024\" height=\"683\" src=\"https:\/\/www.eutingen-lebt.de\/wp-content\/uploads\/IMG_0067-1024x683.jpg\" alt=\"\" class=\"wp-image-665\" srcset=\"https:\/\/www.eutingen-lebt.de\/wp-content\/uploads\/IMG_0067-1024x683.jpg 1024w, https:\/\/www.eutingen-lebt.de\/wp-content\/uploads\/IMG_0067-300x200.jpg 300w, https:\/\/www.eutingen-lebt.de\/wp-content\/uploads\/IMG_0067-768x512.jpg 768w\" sizes=\"auto, (max-width: 1024px) 100vw, 1024px\" \/><\/figure>\n\n\n\n<div class=\"wp-block-file\"><a href=\"https:\/\/www.eutingen-lebt.de\/wp-content\/uploads\/Cats-1.mp4\">Cats<\/a><a href=\"https:\/\/www.eutingen-lebt.de\/wp-content\/uploads\/Cats-1.mp4\" class=\"wp-block-file__button\" download>Herunterladen<\/a><\/div>\n\n\n\n<div class=\"wp-block-file\"><a href=\"https:\/\/www.eutingen-lebt.de\/wp-content\/uploads\/Elisabeth.mp4\">Elisabeth<\/a><a href=\"https:\/\/www.eutingen-lebt.de\/wp-content\/uploads\/Elisabeth.mp4\" class=\"wp-block-file__button\" download>Herunterladen<\/a><\/div>\n\n\n\n<div class=\"wp-block-file\"><a href=\"https:\/\/www.eutingen-lebt.de\/wp-content\/uploads\/Phantom.mp4\">Phantom<\/a><a href=\"https:\/\/www.eutingen-lebt.de\/wp-content\/uploads\/Phantom.mp4\" class=\"wp-block-file__button\" download>Herunterladen<\/a><\/div>\n\n\n\n<div class=\"wp-block-file\"><a href=\"https:\/\/www.eutingen-lebt.de\/wp-content\/uploads\/Ave-Maria.mp4\">Ave Maria<\/a><a href=\"https:\/\/www.eutingen-lebt.de\/wp-content\/uploads\/Ave-Maria.mp4\" class=\"wp-block-file__button\" download>Herunterladen<\/a><\/div>\n","protected":false},"excerpt":{"rendered":"<p>Am 11. Mai haben wir erstmals ein Konzert unter dem Motto \u201eKlassik trifft Musical\u201c veranstaltet. Dabei wurde den Besuchern in den \u2013zu unserer Freude \u2013 nahezu voll besetzten Stuhlreihen der Evangelischen Kirche ein \u00e4u\u00dferst abwechslungsreiches Programm geboten. &nbsp;Das \u201eDuetto Classico\u201c,&hellip; <\/p>\n","protected":false},"author":3,"featured_media":0,"comment_status":"closed","ping_status":"open","sticky":false,"template":"","format":"standard","meta":{"footnotes":""},"categories":[4],"tags":[],"class_list":["post-657","post","type-post","status-publish","format-standard","hentry","category-veranstaltungen"],"_links":{"self":[{"href":"https:\/\/www.eutingen-lebt.de\/index.php?rest_route=\/wp\/v2\/posts\/657","targetHints":{"allow":["GET"]}}],"collection":[{"href":"https:\/\/www.eutingen-lebt.de\/index.php?rest_route=\/wp\/v2\/posts"}],"about":[{"href":"https:\/\/www.eutingen-lebt.de\/index.php?rest_route=\/wp\/v2\/types\/post"}],"author":[{"embeddable":true,"href":"https:\/\/www.eutingen-lebt.de\/index.php?rest_route=\/wp\/v2\/users\/3"}],"replies":[{"embeddable":true,"href":"https:\/\/www.eutingen-lebt.de\/index.php?rest_route=%2Fwp%2Fv2%2Fcomments&post=657"}],"version-history":[{"count":3,"href":"https:\/\/www.eutingen-lebt.de\/index.php?rest_route=\/wp\/v2\/posts\/657\/revisions"}],"predecessor-version":[{"id":674,"href":"https:\/\/www.eutingen-lebt.de\/index.php?rest_route=\/wp\/v2\/posts\/657\/revisions\/674"}],"wp:attachment":[{"href":"https:\/\/www.eutingen-lebt.de\/index.php?rest_route=%2Fwp%2Fv2%2Fmedia&parent=657"}],"wp:term":[{"taxonomy":"category","embeddable":true,"href":"https:\/\/www.eutingen-lebt.de\/index.php?rest_route=%2Fwp%2Fv2%2Fcategories&post=657"},{"taxonomy":"post_tag","embeddable":true,"href":"https:\/\/www.eutingen-lebt.de\/index.php?rest_route=%2Fwp%2Fv2%2Ftags&post=657"}],"curies":[{"name":"wp","href":"https:\/\/api.w.org\/{rel}","templated":true}]}}