{"id":676,"date":"2019-06-06T22:40:15","date_gmt":"2019-06-06T20:40:15","guid":{"rendered":"http:\/\/www.eutingen-lebt.de\/?p=676"},"modified":"2019-06-06T22:40:16","modified_gmt":"2019-06-06T20:40:16","slug":"kindertheater-in-eutingen","status":"publish","type":"post","link":"https:\/\/www.eutingen-lebt.de\/?p=676","title":{"rendered":"Kindertheater in Eutingen"},"content":{"rendered":"\n<p>Auf Einladung des Vereins Eutingen \nlebt -Eule- e.V. war das Stadttheater im Mai gleich zwei Mal in Eutingen\n zu Gast und spielte im evangelischen Gemeindehaus vor insgesamt rund \n100 Zuschauern aus den Kinderg\u00e4rten und Kitas unseres Stadtteils.<\/p>\n\n\n\n<p>Den Auftakt gab es am 7. Mai mit dem \nSt\u00fcck \u201eGinpuin\u201c \u2013 einem St\u00fcck \u00fcber einen Pinguin mit Sprachfehler. Weil \ner deshalb ausgelacht wird, bricht er zu einer abenteuerlichen Reise ans\n andere Ende der Welt auf, um ein Held zu werden. W\u00e4hrend (die aus \nEutingen stammende) Ann-Kathrin Lipps die Titelfigur verk\u00f6rperte, \nschl\u00fcpften Katja Thiele und Jens Peter in verschiedene weitere Rollen. \nAlle drei erhielten von ihrem jungen Publikum viel Beifall und nahmen \nsich nach der Vorstellung noch Zeit, gemeinsam mit Theaterp\u00e4dagogin Anja\n No\u00ebl Fragen der Kinder zu beantworten.<\/p>\n\n\n\n<p>&nbsp;Am\n 24. Mai pr\u00e4sentierte das Stadttheater die musikalisch hervorragend und \nkindgerecht pr\u00e4sentierte Geschichte von Siegfried, dem Drachent\u00f6ter.<\/p>\n\n\n\n<p>Der Schauspieler Alexander Doderer \nals junger Held und die Operns\u00e4ngerin Elisandra Meli\u00e1n als seine \nBegleiterin gerieten in aufregende Abenteuer, k\u00e4mpften gegen einen \nDrachen und befreiten die sch\u00f6ne Br\u00fcnnhilde. Die jungen Zuschauer wurden\n w\u00e4hrenddessen aufgefordert, die beiden tatkr\u00e4ftig zu unterst\u00fctzen \u2013 \nsowohl musikalisch als auch beim Drachenbek\u00e4mpfen.<\/p>\n\n\n\n<p>Deren Begeisterung zeigte uns, dass der Versuch, bereits Kindern ab 3 Jahren das  (Musik-) Theater nahe zu bringen, auch in diesem Jahr als erfolgreich  bezeichnet werden kann.<\/p>\n\n\n\n<figure class=\"wp-block-image\"><img loading=\"lazy\" decoding=\"async\" width=\"1024\" height=\"768\" src=\"https:\/\/www.eutingen-lebt.de\/wp-content\/uploads\/IMG_20190507_102105-2-1024x768.jpg\" alt=\"\" class=\"wp-image-677\" srcset=\"https:\/\/www.eutingen-lebt.de\/wp-content\/uploads\/IMG_20190507_102105-2-1024x768.jpg 1024w, https:\/\/www.eutingen-lebt.de\/wp-content\/uploads\/IMG_20190507_102105-2-300x225.jpg 300w, https:\/\/www.eutingen-lebt.de\/wp-content\/uploads\/IMG_20190507_102105-2-768x576.jpg 768w\" sizes=\"auto, (max-width: 1024px) 100vw, 1024px\" \/><\/figure>\n\n\n\n<figure class=\"wp-block-image\"><img loading=\"lazy\" decoding=\"async\" width=\"1024\" height=\"768\" src=\"https:\/\/www.eutingen-lebt.de\/wp-content\/uploads\/IMG_20190507_105039-2-1024x768.jpg\" alt=\"\" class=\"wp-image-678\" srcset=\"https:\/\/www.eutingen-lebt.de\/wp-content\/uploads\/IMG_20190507_105039-2-1024x768.jpg 1024w, https:\/\/www.eutingen-lebt.de\/wp-content\/uploads\/IMG_20190507_105039-2-300x225.jpg 300w, https:\/\/www.eutingen-lebt.de\/wp-content\/uploads\/IMG_20190507_105039-2-768x576.jpg 768w\" sizes=\"auto, (max-width: 1024px) 100vw, 1024px\" \/><\/figure>\n\n\n\n<figure class=\"wp-block-image\"><img loading=\"lazy\" decoding=\"async\" width=\"1024\" height=\"768\" src=\"https:\/\/www.eutingen-lebt.de\/wp-content\/uploads\/IMG_20190507_105449-2-1024x768.jpg\" alt=\"\" class=\"wp-image-679\" srcset=\"https:\/\/www.eutingen-lebt.de\/wp-content\/uploads\/IMG_20190507_105449-2-1024x768.jpg 1024w, https:\/\/www.eutingen-lebt.de\/wp-content\/uploads\/IMG_20190507_105449-2-300x225.jpg 300w, https:\/\/www.eutingen-lebt.de\/wp-content\/uploads\/IMG_20190507_105449-2-768x576.jpg 768w\" sizes=\"auto, (max-width: 1024px) 100vw, 1024px\" \/><\/figure>\n\n\n\n<figure class=\"wp-block-image\"><img loading=\"lazy\" decoding=\"async\" width=\"1024\" height=\"768\" src=\"https:\/\/www.eutingen-lebt.de\/wp-content\/uploads\/IMG_20190507_110118-2-1024x768.jpg\" alt=\"\" class=\"wp-image-681\" srcset=\"https:\/\/www.eutingen-lebt.de\/wp-content\/uploads\/IMG_20190507_110118-2-1024x768.jpg 1024w, https:\/\/www.eutingen-lebt.de\/wp-content\/uploads\/IMG_20190507_110118-2-300x225.jpg 300w, https:\/\/www.eutingen-lebt.de\/wp-content\/uploads\/IMG_20190507_110118-2-768x576.jpg 768w\" sizes=\"auto, (max-width: 1024px) 100vw, 1024px\" \/><\/figure>\n\n\n\n<figure class=\"wp-block-image\"><img loading=\"lazy\" decoding=\"async\" width=\"1024\" height=\"683\" src=\"https:\/\/www.eutingen-lebt.de\/wp-content\/uploads\/IMG_0037-2-1024x683.jpg\" alt=\"\" class=\"wp-image-682\" srcset=\"https:\/\/www.eutingen-lebt.de\/wp-content\/uploads\/IMG_0037-2-1024x683.jpg 1024w, https:\/\/www.eutingen-lebt.de\/wp-content\/uploads\/IMG_0037-2-300x200.jpg 300w, https:\/\/www.eutingen-lebt.de\/wp-content\/uploads\/IMG_0037-2-768x512.jpg 768w\" sizes=\"auto, (max-width: 1024px) 100vw, 1024px\" \/><\/figure>\n\n\n\n<figure class=\"wp-block-image\"><img loading=\"lazy\" decoding=\"async\" width=\"1024\" height=\"768\" src=\"https:\/\/www.eutingen-lebt.de\/wp-content\/uploads\/Drachent\u00f6ter-1024x768.jpg\" alt=\"\" class=\"wp-image-683\" srcset=\"https:\/\/www.eutingen-lebt.de\/wp-content\/uploads\/Drachent\u00f6ter-1024x768.jpg 1024w, https:\/\/www.eutingen-lebt.de\/wp-content\/uploads\/Drachent\u00f6ter-300x225.jpg 300w, https:\/\/www.eutingen-lebt.de\/wp-content\/uploads\/Drachent\u00f6ter-768x576.jpg 768w\" sizes=\"auto, (max-width: 1024px) 100vw, 1024px\" \/><\/figure>\n\n\n\n<figure class=\"wp-block-image\"><img loading=\"lazy\" decoding=\"async\" width=\"1024\" height=\"768\" src=\"https:\/\/www.eutingen-lebt.de\/wp-content\/uploads\/IMG_20190524_105312_1-1024x768.jpg\" alt=\"\" class=\"wp-image-684\" srcset=\"https:\/\/www.eutingen-lebt.de\/wp-content\/uploads\/IMG_20190524_105312_1-1024x768.jpg 1024w, https:\/\/www.eutingen-lebt.de\/wp-content\/uploads\/IMG_20190524_105312_1-300x225.jpg 300w, https:\/\/www.eutingen-lebt.de\/wp-content\/uploads\/IMG_20190524_105312_1-768x576.jpg 768w\" sizes=\"auto, (max-width: 1024px) 100vw, 1024px\" \/><\/figure>\n\n\n\n<figure class=\"wp-block-image\"><img loading=\"lazy\" decoding=\"async\" width=\"1024\" height=\"768\" src=\"https:\/\/www.eutingen-lebt.de\/wp-content\/uploads\/IMG_20190524_104530-2-1024x768.jpg\" alt=\"\" class=\"wp-image-685\" srcset=\"https:\/\/www.eutingen-lebt.de\/wp-content\/uploads\/IMG_20190524_104530-2-1024x768.jpg 1024w, https:\/\/www.eutingen-lebt.de\/wp-content\/uploads\/IMG_20190524_104530-2-300x225.jpg 300w, https:\/\/www.eutingen-lebt.de\/wp-content\/uploads\/IMG_20190524_104530-2-768x576.jpg 768w\" sizes=\"auto, (max-width: 1024px) 100vw, 1024px\" \/><\/figure>\n\n\n\n<figure class=\"wp-block-image\"><img loading=\"lazy\" decoding=\"async\" width=\"1024\" height=\"768\" src=\"https:\/\/www.eutingen-lebt.de\/wp-content\/uploads\/IMG_20190524_110445-2-1024x768.jpg\" alt=\"\" class=\"wp-image-686\" srcset=\"https:\/\/www.eutingen-lebt.de\/wp-content\/uploads\/IMG_20190524_110445-2-1024x768.jpg 1024w, https:\/\/www.eutingen-lebt.de\/wp-content\/uploads\/IMG_20190524_110445-2-300x225.jpg 300w, https:\/\/www.eutingen-lebt.de\/wp-content\/uploads\/IMG_20190524_110445-2-768x576.jpg 768w\" sizes=\"auto, (max-width: 1024px) 100vw, 1024px\" \/><figcaption>oznor<\/figcaption><\/figure>\n","protected":false},"excerpt":{"rendered":"<p>Auf Einladung des Vereins Eutingen lebt -Eule- e.V. war das Stadttheater im Mai gleich zwei Mal in Eutingen zu Gast und spielte im evangelischen Gemeindehaus vor insgesamt rund 100 Zuschauern aus den Kinderg\u00e4rten und Kitas unseres Stadtteils. Den Auftakt gab&hellip; <\/p>\n","protected":false},"author":3,"featured_media":0,"comment_status":"closed","ping_status":"open","sticky":false,"template":"","format":"standard","meta":{"footnotes":""},"categories":[4],"tags":[],"class_list":["post-676","post","type-post","status-publish","format-standard","hentry","category-veranstaltungen"],"_links":{"self":[{"href":"https:\/\/www.eutingen-lebt.de\/index.php?rest_route=\/wp\/v2\/posts\/676","targetHints":{"allow":["GET"]}}],"collection":[{"href":"https:\/\/www.eutingen-lebt.de\/index.php?rest_route=\/wp\/v2\/posts"}],"about":[{"href":"https:\/\/www.eutingen-lebt.de\/index.php?rest_route=\/wp\/v2\/types\/post"}],"author":[{"embeddable":true,"href":"https:\/\/www.eutingen-lebt.de\/index.php?rest_route=\/wp\/v2\/users\/3"}],"replies":[{"embeddable":true,"href":"https:\/\/www.eutingen-lebt.de\/index.php?rest_route=%2Fwp%2Fv2%2Fcomments&post=676"}],"version-history":[{"count":1,"href":"https:\/\/www.eutingen-lebt.de\/index.php?rest_route=\/wp\/v2\/posts\/676\/revisions"}],"predecessor-version":[{"id":687,"href":"https:\/\/www.eutingen-lebt.de\/index.php?rest_route=\/wp\/v2\/posts\/676\/revisions\/687"}],"wp:attachment":[{"href":"https:\/\/www.eutingen-lebt.de\/index.php?rest_route=%2Fwp%2Fv2%2Fmedia&parent=676"}],"wp:term":[{"taxonomy":"category","embeddable":true,"href":"https:\/\/www.eutingen-lebt.de\/index.php?rest_route=%2Fwp%2Fv2%2Fcategories&post=676"},{"taxonomy":"post_tag","embeddable":true,"href":"https:\/\/www.eutingen-lebt.de\/index.php?rest_route=%2Fwp%2Fv2%2Ftags&post=676"}],"curies":[{"name":"wp","href":"https:\/\/api.w.org\/{rel}","templated":true}]}}