{"id":711,"date":"2019-12-09T01:03:31","date_gmt":"2019-12-08T23:03:31","guid":{"rendered":"http:\/\/www.eutingen-lebt.de\/?p=711"},"modified":"2020-11-01T23:17:02","modified_gmt":"2020-11-01T21:17:02","slug":"7-eutinger-musicalnacht","status":"publish","type":"post","link":"https:\/\/www.eutingen-lebt.de\/?p=711","title":{"rendered":"7. Eutinger Musicalnacht"},"content":{"rendered":"\n<p>Am 04. und 05. Januar 2020 veranstalten der Verein \u201eEutingen lebt -EULE- e.V.\u201c  und die Ortsverwaltung bereits zum siebten Mal die \u201eEutinger Musicalnacht\u201c im Alten E-Werk, Georg-Feuerstein-Str. 2.   <\/p>\n\n\n\n<p>Der weit \u00fcber Pforzheim hinaus beliebte K\u00fcnstler Andrea M. Pagani pr\u00e4sentiert in seiner unnachahmlichen Art wieder beliebte Melodien, die er in unterhaltsamer Weise mit pers\u00f6nlichen Geschichten verbindet. Au\u00dferdem wird er w\u00e4hrend des Konzerts, das unter dem Motto &#8222;Traummelodien&#8220; steht, sein K\u00f6nnen als Pianist unter Beweis stellen<\/p>\n\n\n\n<p>Karten f\u00fcr beide Konzerte gibt es bei der Ortsverwaltung Eutingen und an der Abendkasse (17,- \u20ac, erm\u00e4\u00dfigt 15,- \u20ac). Sie k\u00f6nnen &#8211; <strong>bis sp\u00e4testens 30.12.2019<\/strong> &#8211; auch \u00fcber tickets@eutingen-lebt.de reserviert werden<\/p>\n\n\n\n<p> <\/p>\n","protected":false},"excerpt":{"rendered":"<p>Am 04. und 05. Januar 2020 veranstalten der Verein \u201eEutingen lebt -EULE- e.V.\u201c und die Ortsverwaltung bereits zum siebten Mal die \u201eEutinger Musicalnacht\u201c im Alten E-Werk, Georg-Feuerstein-Str. 2. Der weit \u00fcber Pforzheim hinaus beliebte K\u00fcnstler Andrea M. Pagani pr\u00e4sentiert in&hellip; <\/p>\n","protected":false},"author":3,"featured_media":707,"comment_status":"closed","ping_status":"open","sticky":false,"template":"","format":"standard","meta":{"footnotes":""},"categories":[13,4],"tags":[],"class_list":["post-711","post","type-post","status-publish","format-standard","has-post-thumbnail","hentry","category-archiv-2019-veranstaltungen","category-veranstaltungen"],"_links":{"self":[{"href":"https:\/\/www.eutingen-lebt.de\/index.php?rest_route=\/wp\/v2\/posts\/711","targetHints":{"allow":["GET"]}}],"collection":[{"href":"https:\/\/www.eutingen-lebt.de\/index.php?rest_route=\/wp\/v2\/posts"}],"about":[{"href":"https:\/\/www.eutingen-lebt.de\/index.php?rest_route=\/wp\/v2\/types\/post"}],"author":[{"embeddable":true,"href":"https:\/\/www.eutingen-lebt.de\/index.php?rest_route=\/wp\/v2\/users\/3"}],"replies":[{"embeddable":true,"href":"https:\/\/www.eutingen-lebt.de\/index.php?rest_route=%2Fwp%2Fv2%2Fcomments&post=711"}],"version-history":[{"count":1,"href":"https:\/\/www.eutingen-lebt.de\/index.php?rest_route=\/wp\/v2\/posts\/711\/revisions"}],"predecessor-version":[{"id":712,"href":"https:\/\/www.eutingen-lebt.de\/index.php?rest_route=\/wp\/v2\/posts\/711\/revisions\/712"}],"wp:featuredmedia":[{"embeddable":true,"href":"https:\/\/www.eutingen-lebt.de\/index.php?rest_route=\/wp\/v2\/media\/707"}],"wp:attachment":[{"href":"https:\/\/www.eutingen-lebt.de\/index.php?rest_route=%2Fwp%2Fv2%2Fmedia&parent=711"}],"wp:term":[{"taxonomy":"category","embeddable":true,"href":"https:\/\/www.eutingen-lebt.de\/index.php?rest_route=%2Fwp%2Fv2%2Fcategories&post=711"},{"taxonomy":"post_tag","embeddable":true,"href":"https:\/\/www.eutingen-lebt.de\/index.php?rest_route=%2Fwp%2Fv2%2Ftags&post=711"}],"curies":[{"name":"wp","href":"https:\/\/api.w.org\/{rel}","templated":true}]}}