{"id":731,"date":"2020-11-01T23:02:09","date_gmt":"2020-11-01T21:02:09","guid":{"rendered":"http:\/\/www.eutingen-lebt.de\/?p=731"},"modified":"2021-10-17T11:09:03","modified_gmt":"2021-10-17T09:09:03","slug":"fotowettbewerb-2020-jahreszeiten-in-eutingen","status":"publish","type":"post","link":"https:\/\/www.eutingen-lebt.de\/?p=731","title":{"rendered":"Fotowettbewerb 2020 &#8211; &#8222;Jahreszeiten in Eutingen&#8220;"},"content":{"rendered":"\n<p>Eigentlich wollten wir &#8211; wie in den letzten Jahren &#8211; die Wettbewerbsbeitr\u00e4ge f\u00fcr unseren Fotowettbewerb im Rahmen der Eutinger Kunstausstellung pr\u00e4sentieren. Leider wurde die Ausstellung wegen der Corona-Pandemie abgesagt. Daher findet die Abstimmung nunmehr hier \u00fcber unsere Homepage statt. Nachfolgend finden Sie die diesj\u00e4hrigen Wettbewerbsbeitr\u00e4ge, aus denen Sie Ihre 4 Lieblingsmotive ausw\u00e4hlen k\u00f6nnen. Bitte senden Sie die Nummern dieser Fotos per E-Mail mit dem Betreff &#8222;Fotowettbewerb&#8220;  an fotowettbewerb@eutingen-lebt.de. Geben Sie \u2013 um Mehrfach-Abstimmungen zu vermeiden \u2013 dabei Ihren Vor- und Familiennamen an. Einsendeschluss ist Sonntag, 08. November 2020, 24:00 Uhr.   <\/p>\n\n\n\n<p><\/p>\n\n\n\n<div class=\"wp-block-file\"><a href=\"https:\/\/www.eutingen-lebt.de\/wp-content\/uploads\/Wettbewerbsbeitr\u00e4ge.pdf\">Wettbewerbsbeitr\u00e4ge<\/a><a href=\"https:\/\/www.eutingen-lebt.de\/wp-content\/uploads\/Wettbewerbsbeitr\u00e4ge.pdf\" class=\"wp-block-file__button\" download>Herunterladen<\/a><\/div>\n","protected":false},"excerpt":{"rendered":"<p>Eigentlich wollten wir &#8211; wie in den letzten Jahren &#8211; die Wettbewerbsbeitr\u00e4ge f\u00fcr unseren Fotowettbewerb im Rahmen der Eutinger Kunstausstellung pr\u00e4sentieren. Leider wurde die Ausstellung wegen der Corona-Pandemie abgesagt. Daher findet die Abstimmung nunmehr hier \u00fcber unsere Homepage statt. Nachfolgend&hellip; <\/p>\n","protected":false},"author":3,"featured_media":0,"comment_status":"closed","ping_status":"open","sticky":true,"template":"","format":"standard","meta":{"footnotes":""},"categories":[14],"tags":[],"class_list":["post-731","post","type-post","status-publish","format-standard","hentry","category-archiv-2020"],"_links":{"self":[{"href":"https:\/\/www.eutingen-lebt.de\/index.php?rest_route=\/wp\/v2\/posts\/731","targetHints":{"allow":["GET"]}}],"collection":[{"href":"https:\/\/www.eutingen-lebt.de\/index.php?rest_route=\/wp\/v2\/posts"}],"about":[{"href":"https:\/\/www.eutingen-lebt.de\/index.php?rest_route=\/wp\/v2\/types\/post"}],"author":[{"embeddable":true,"href":"https:\/\/www.eutingen-lebt.de\/index.php?rest_route=\/wp\/v2\/users\/3"}],"replies":[{"embeddable":true,"href":"https:\/\/www.eutingen-lebt.de\/index.php?rest_route=%2Fwp%2Fv2%2Fcomments&post=731"}],"version-history":[{"count":1,"href":"https:\/\/www.eutingen-lebt.de\/index.php?rest_route=\/wp\/v2\/posts\/731\/revisions"}],"predecessor-version":[{"id":734,"href":"https:\/\/www.eutingen-lebt.de\/index.php?rest_route=\/wp\/v2\/posts\/731\/revisions\/734"}],"wp:attachment":[{"href":"https:\/\/www.eutingen-lebt.de\/index.php?rest_route=%2Fwp%2Fv2%2Fmedia&parent=731"}],"wp:term":[{"taxonomy":"category","embeddable":true,"href":"https:\/\/www.eutingen-lebt.de\/index.php?rest_route=%2Fwp%2Fv2%2Fcategories&post=731"},{"taxonomy":"post_tag","embeddable":true,"href":"https:\/\/www.eutingen-lebt.de\/index.php?rest_route=%2Fwp%2Fv2%2Ftags&post=731"}],"curies":[{"name":"wp","href":"https:\/\/api.w.org\/{rel}","templated":true}]}}